{"id":337281,"date":"2024-09-26T00:00:32","date_gmt":"2024-09-26T03:00:32","guid":{"rendered":"https:\/\/www.notibras.com\/site\/?p=337281"},"modified":"2024-09-26T02:48:23","modified_gmt":"2024-09-26T05:48:23","slug":"bahia-registra-seis-casos-de-botulismo-com-duas-mortes","status":"publish","type":"post","link":"https:\/\/www.notibras.com\/site\/bahia-registra-seis-casos-de-botulismo-com-duas-mortes\/","title":{"rendered":"Bahia registra seis casos de botulismo, com duas mortes"},"content":{"rendered":"<p>Duas pessoas morreram, tr\u00eas ainda est\u00e3o hospitalizadas e apenas um paciente teve alta. Elas s\u00e3o dos munic\u00edpios de Salvador, Campo Formoso, Senhor do Bonfim e C\u00edcero Dantas.<\/p>\n<p>A principal suspeita \u00e9 de que infec\u00e7\u00e3o se deu por meio da ingest\u00e3o de mortadela de frango contaminada. Em 2023, foram registrados dois casos de botulismo na Bahia, sendo ambos em Feira de Santana.<\/p>\n<p>Em v\u00eddeo divulgado no site da Secretaria de Sa\u00fade do Estado da Bahia, a coordenadora de Doen\u00e7as e Agravos Transmiss\u00edveis, Eleuzina Falc\u00e3o, ressaltou que por se tratar de uma doen\u00e7a grave, um caso j\u00e1 seria considerado surto. Ela pede que a popula\u00e7\u00e3o fique atenta aos sintomas, especialmente a uma eventual paralisa muscular repentina.<\/p>\n<p>&#8220;\u00c9 fundamental tamb\u00e9m redobrar o cuidado com alimentos e bebidas. Verificar prazo de validade, selo de qualidade, lata estufada, vidros emba\u00e7ados&#8221;, alerta Eleuzina.<\/p>\n<p>De acordo com o gloss\u00e1rio do Minist\u00e9rio da Sa\u00fade, o botulismo \u00e9 uma doen\u00e7a neuroparal\u00edtica grave, rara, n\u00e3o contagiosa, causada pela a\u00e7\u00e3o de uma potente toxina produzida pela bact\u00e9ria Clostridium botulinum (C botulinum). O agente etiol\u00f3gico entra no organismo por meio de ferimentos ou pela ingest\u00e3o de alimentos contaminados que n\u00e3o t\u00eam produ\u00e7\u00e3o e\/ou conserva\u00e7\u00e3o adequada.<\/p>\n<p>Sua notifica\u00e7\u00e3o \u00e9 compuls\u00f3ria e imediata (em at\u00e9 24 horas) para que as a\u00e7\u00f5es de vigil\u00e2ncia sejam realizadas em tempo de prevenir outros casos. A doen\u00e7a pode levar \u00e0 morte por paralisia da musculatura respirat\u00f3ria.<\/p>\n","protected":false},"excerpt":{"rendered":"<p>Duas pessoas morreram, tr\u00eas ainda est\u00e3o hospitalizadas e apenas um paciente teve alta. Elas s\u00e3o dos munic\u00edpios de Salvador, Campo Formoso, Senhor do Bonfim e C\u00edcero Dantas. A principal suspeita \u00e9 de que infec\u00e7\u00e3o se deu por meio da ingest\u00e3o de mortadela de frango contaminada. Em 2023, foram registrados dois casos de botulismo na Bahia, [&hellip;]<\/p>\n","protected":false},"author":2,"featured_media":159302,"comment_status":"closed","ping_status":"closed","sticky":false,"template":"","format":"standard","meta":{"_acf_changed":false,"footnotes":""},"categories":[165],"tags":[],"class_list":["post-337281","post","type-post","status-publish","format-standard","has-post-thumbnail","hentry","category-nordeste"],"acf":[],"_links":{"self":[{"href":"https:\/\/www.notibras.com\/site\/wp-json\/wp\/v2\/posts\/337281","targetHints":{"allow":["GET"]}}],"collection":[{"href":"https:\/\/www.notibras.com\/site\/wp-json\/wp\/v2\/posts"}],"about":[{"href":"https:\/\/www.notibras.com\/site\/wp-json\/wp\/v2\/types\/post"}],"author":[{"embeddable":true,"href":"https:\/\/www.notibras.com\/site\/wp-json\/wp\/v2\/users\/2"}],"replies":[{"embeddable":true,"href":"https:\/\/www.notibras.com\/site\/wp-json\/wp\/v2\/comments?post=337281"}],"version-history":[{"count":1,"href":"https:\/\/www.notibras.com\/site\/wp-json\/wp\/v2\/posts\/337281\/revisions"}],"predecessor-version":[{"id":337282,"href":"https:\/\/www.notibras.com\/site\/wp-json\/wp\/v2\/posts\/337281\/revisions\/337282"}],"wp:featuredmedia":[{"embeddable":true,"href":"https:\/\/www.notibras.com\/site\/wp-json\/wp\/v2\/media\/159302"}],"wp:attachment":[{"href":"https:\/\/www.notibras.com\/site\/wp-json\/wp\/v2\/media?parent=337281"}],"wp:term":[{"taxonomy":"category","embeddable":true,"href":"https:\/\/www.notibras.com\/site\/wp-json\/wp\/v2\/categories?post=337281"},{"taxonomy":"post_tag","embeddable":true,"href":"https:\/\/www.notibras.com\/site\/wp-json\/wp\/v2\/tags?post=337281"}],"curies":[{"name":"wp","href":"https:\/\/api.w.org\/{rel}","templated":true}]}}