{"id":337292,"date":"2024-09-26T00:00:36","date_gmt":"2024-09-26T03:00:36","guid":{"rendered":"https:\/\/www.notibras.com\/site\/?p=337292"},"modified":"2024-09-26T03:24:29","modified_gmt":"2024-09-26T06:24:29","slug":"plano-plurianual-muda-metas-ambientais-e-de-apoio-a-producao-agricola","status":"publish","type":"post","link":"https:\/\/www.notibras.com\/site\/plano-plurianual-muda-metas-ambientais-e-de-apoio-a-producao-agricola\/","title":{"rendered":"Plano plurianual muda metas ambientais e de apoio \u00e0 produ\u00e7\u00e3o agr\u00edcola"},"content":{"rendered":"<p>O Pal\u00e1cio do Buriti alterou o Plano Plurianual (PPA) do Distrito Federal para o quadri\u00eanio 2024-2027. O novo texto modifica o Anexo II do PPA, revisando programas tem\u00e1ticos, metas, indicadores e a\u00e7\u00f5es, al\u00e9m de incluir novas diretrizes e ajustar algumas existentes. O objetivo \u00e9 alinhar o planejamento estrat\u00e9gico \u00e0s necessidades atuais do Distrito Federal, abrangendo tanto as \u00e1reas urbanas quanto as rurais.<\/p>\n<p>Entre os setores abrangidos pelas mudan\u00e7as est\u00e3o infraestrutura, desenvolvimento urbano e rural, bem como programas voltados \u00e0 melhoria da qualidade de vida da popula\u00e7\u00e3o. Entre as responsabilidades da Secretaria de Agricultura, Abastecimento e Desenvolvimento Rural (Seagri-DF) est\u00e3o a moderniza\u00e7\u00e3o da infraestrutura rural, com a recupera\u00e7\u00e3o de estradas vicinais, facilitando o escoamento da produ\u00e7\u00e3o agr\u00edcola, e a promo\u00e7\u00e3o de pr\u00e1ticas sustent\u00e1veis que integram o desenvolvimento econ\u00f4mico com a preserva\u00e7\u00e3o ambiental.<\/p>\n<p>Al\u00e9m disso, a secretaria estar\u00e1 \u00e0 frente de iniciativas voltadas para o controle de doen\u00e7as que afetam a pecu\u00e1ria, como a febre aftosa, e a vigil\u00e2ncia sobre o uso de agrot\u00f3xicos nas atividades agr\u00edcolas. A fiscaliza\u00e7\u00e3o do tr\u00e2nsito agropecu\u00e1rio e a apreens\u00e3o de animais de grande porte tamb\u00e9m ser\u00e3o prioridades, visando minimizar riscos sanit\u00e1rios e garantir a seguran\u00e7a da popula\u00e7\u00e3o e dos trabalhadores rurais.<\/p>\n<p><strong>Seguran\u00e7a alimentar<\/strong><br \/>\nUm dos focos do plano revisado inclui o fomento \u00e0 agricultura familiar, especialmente para beneficiar fam\u00edlias em situa\u00e7\u00e3o de inseguran\u00e7a alimentar. Por meio de programas como o Banco de Alimentos, o governo pretende fortalecer a produ\u00e7\u00e3o agr\u00edcola local, garantindo que fam\u00edlias vulner\u00e1veis tenham acesso a alimentos de qualidade. A inten\u00e7\u00e3o \u00e9 criar um ciclo de apoio m\u00fatuo: enquanto as fam\u00edlias recebem assist\u00eancia, a produ\u00e7\u00e3o rural \u00e9 incentivada, gerando mais oportunidades no campo.<\/p>\n<p>Outro objetivo da Seagri, conforme previsto no decreto, \u00e9 promover a integra\u00e7\u00e3o entre \u00e1reas rurais e urbanas, adotando solu\u00e7\u00f5es que permitam o desenvolvimento equilibrado e sustent\u00e1vel das regi\u00f5es do Distrito Federal. Com uma infraestrutura adequada, ser\u00e1 poss\u00edvel conectar melhor as \u00e1reas de produ\u00e7\u00e3o agr\u00edcola \u00e0s \u00e1reas de consumo, fortalecendo a economia local e garantindo o desenvolvimento dessas regi\u00f5es.<\/p>\n","protected":false},"excerpt":{"rendered":"<p>O Pal\u00e1cio do Buriti alterou o Plano Plurianual (PPA) do Distrito Federal para o quadri\u00eanio 2024-2027. O novo texto modifica o Anexo II do PPA, revisando programas tem\u00e1ticos, metas, indicadores e a\u00e7\u00f5es, al\u00e9m de incluir novas diretrizes e ajustar algumas existentes. O objetivo \u00e9 alinhar o planejamento estrat\u00e9gico \u00e0s necessidades atuais do Distrito Federal, abrangendo [&hellip;]<\/p>\n","protected":false},"author":2,"featured_media":337293,"comment_status":"closed","ping_status":"closed","sticky":false,"template":"","format":"standard","meta":{"_acf_changed":false,"footnotes":""},"categories":[161],"tags":[],"class_list":["post-337292","post","type-post","status-publish","format-standard","has-post-thumbnail","hentry","category-quadradinho-em-foco"],"acf":[],"_links":{"self":[{"href":"https:\/\/www.notibras.com\/site\/wp-json\/wp\/v2\/posts\/337292","targetHints":{"allow":["GET"]}}],"collection":[{"href":"https:\/\/www.notibras.com\/site\/wp-json\/wp\/v2\/posts"}],"about":[{"href":"https:\/\/www.notibras.com\/site\/wp-json\/wp\/v2\/types\/post"}],"author":[{"embeddable":true,"href":"https:\/\/www.notibras.com\/site\/wp-json\/wp\/v2\/users\/2"}],"replies":[{"embeddable":true,"href":"https:\/\/www.notibras.com\/site\/wp-json\/wp\/v2\/comments?post=337292"}],"version-history":[{"count":1,"href":"https:\/\/www.notibras.com\/site\/wp-json\/wp\/v2\/posts\/337292\/revisions"}],"predecessor-version":[{"id":337294,"href":"https:\/\/www.notibras.com\/site\/wp-json\/wp\/v2\/posts\/337292\/revisions\/337294"}],"wp:featuredmedia":[{"embeddable":true,"href":"https:\/\/www.notibras.com\/site\/wp-json\/wp\/v2\/media\/337293"}],"wp:attachment":[{"href":"https:\/\/www.notibras.com\/site\/wp-json\/wp\/v2\/media?parent=337292"}],"wp:term":[{"taxonomy":"category","embeddable":true,"href":"https:\/\/www.notibras.com\/site\/wp-json\/wp\/v2\/categories?post=337292"},{"taxonomy":"post_tag","embeddable":true,"href":"https:\/\/www.notibras.com\/site\/wp-json\/wp\/v2\/tags?post=337292"}],"curies":[{"name":"wp","href":"https:\/\/api.w.org\/{rel}","templated":true}]}}