{"id":337359,"date":"2024-09-26T15:43:49","date_gmt":"2024-09-26T18:43:49","guid":{"rendered":"https:\/\/www.notibras.com\/site\/?p=337359"},"modified":"2024-09-26T16:45:51","modified_gmt":"2024-09-26T19:45:51","slug":"brigadistas-apagam-novo-incendio-mas-chapada-e-fechada-para-rescaldo","status":"publish","type":"post","link":"https:\/\/www.notibras.com\/site\/brigadistas-apagam-novo-incendio-mas-chapada-e-fechada-para-rescaldo\/","title":{"rendered":"Brigadistas apagam novo inc\u00eandio, mas Chapada \u00e9 fechada para rescaldo"},"content":{"rendered":"<p>O Parque Nacional da Chapada dos Veadeiros foi fechado nesta quinta (26) por conta de um novo inc\u00eandio florestal. O fogo teve in\u00edcio na v\u00e9spera, pr\u00f3ximo \u00e0 Vila de S\u00e3o Jorge. Os visitantes, incluindo os que estavam na \u00e1rea de acampamento das Sete Quedas, foram retirados pela equipe da concession\u00e1ria Parquetur.<\/p>\n<p>Mais de 60 brigadistas do Instituto Chico Mendes de Conserva\u00e7\u00e3o da Biodiversidade (ICMBio), do Instituto Brasileiro do Meio Ambiente e dos Recursos Naturais Renov\u00e1veis (Ibama) e volunt\u00e1rios trabalharam no combate \u00e0s chamas que foram controladas de madrugada.<\/p>\n<p>De acordo com o ICMBio, agora seguem os trabalhos de rescaldo e monitoramento na regi\u00e3o. Ainda n\u00e3o h\u00e1 data para reabertura do parque. No in\u00edcio do m\u00eas, um inc\u00eandio j\u00e1 havia destru\u00eddo 10 mil hectares da regi\u00e3o.<\/p>\n<p><strong>Parque<\/strong><br \/>\nO Parque Nacional da Chapada dos Veadeiros est\u00e1 localizado no nordeste do estado de Goi\u00e1s, entre os munic\u00edpios de Alto Para\u00edso de Goi\u00e1s, Cavalcante, Teresina de Goi\u00e1s, Nova Roma e S\u00e3o Jo\u00e3o d\u2019Alian\u00e7a.<\/p>\n<p>Criado em 1961, o local protege uma \u00e1rea aproximada de 240.611 hectares de Cerrado. No local, h\u00e1 esp\u00e9cies \u00fanicas de vegetais, nascentes e cursos d\u2019\u00e1gua, rochas pr\u00e9-hist\u00f3ricas. Desde 2001, o local foi declarado Patrim\u00f4nio Natural da Humanidade, pela Organiza\u00e7\u00e3o das Na\u00e7\u00f5es Unidas para a Educa\u00e7\u00e3o, a Ci\u00eancia e a Cultura (Unesco).<\/p>\n","protected":false},"excerpt":{"rendered":"<p>O Parque Nacional da Chapada dos Veadeiros foi fechado nesta quinta (26) por conta de um novo inc\u00eandio florestal. O fogo teve in\u00edcio na v\u00e9spera, pr\u00f3ximo \u00e0 Vila de S\u00e3o Jorge. Os visitantes, incluindo os que estavam na \u00e1rea de acampamento das Sete Quedas, foram retirados pela equipe da concession\u00e1ria Parquetur. Mais de 60 brigadistas [&hellip;]<\/p>\n","protected":false},"author":2,"featured_media":337360,"comment_status":"closed","ping_status":"closed","sticky":false,"template":"","format":"standard","meta":{"_acf_changed":false,"footnotes":""},"categories":[161],"tags":[95],"class_list":["post-337359","post","type-post","status-publish","format-standard","has-post-thumbnail","hentry","category-quadradinho-em-foco","tag-capa"],"acf":[],"_links":{"self":[{"href":"https:\/\/www.notibras.com\/site\/wp-json\/wp\/v2\/posts\/337359","targetHints":{"allow":["GET"]}}],"collection":[{"href":"https:\/\/www.notibras.com\/site\/wp-json\/wp\/v2\/posts"}],"about":[{"href":"https:\/\/www.notibras.com\/site\/wp-json\/wp\/v2\/types\/post"}],"author":[{"embeddable":true,"href":"https:\/\/www.notibras.com\/site\/wp-json\/wp\/v2\/users\/2"}],"replies":[{"embeddable":true,"href":"https:\/\/www.notibras.com\/site\/wp-json\/wp\/v2\/comments?post=337359"}],"version-history":[{"count":1,"href":"https:\/\/www.notibras.com\/site\/wp-json\/wp\/v2\/posts\/337359\/revisions"}],"predecessor-version":[{"id":337361,"href":"https:\/\/www.notibras.com\/site\/wp-json\/wp\/v2\/posts\/337359\/revisions\/337361"}],"wp:featuredmedia":[{"embeddable":true,"href":"https:\/\/www.notibras.com\/site\/wp-json\/wp\/v2\/media\/337360"}],"wp:attachment":[{"href":"https:\/\/www.notibras.com\/site\/wp-json\/wp\/v2\/media?parent=337359"}],"wp:term":[{"taxonomy":"category","embeddable":true,"href":"https:\/\/www.notibras.com\/site\/wp-json\/wp\/v2\/categories?post=337359"},{"taxonomy":"post_tag","embeddable":true,"href":"https:\/\/www.notibras.com\/site\/wp-json\/wp\/v2\/tags?post=337359"}],"curies":[{"name":"wp","href":"https:\/\/api.w.org\/{rel}","templated":true}]}}