{"id":337375,"date":"2024-09-27T04:04:16","date_gmt":"2024-09-27T07:04:16","guid":{"rendered":"https:\/\/www.notibras.com\/site\/?p=337375"},"modified":"2024-09-27T05:07:02","modified_gmt":"2024-09-27T08:07:02","slug":"viuva-provoca-e-vizinho-e-obrigado-a-se-mudar","status":"publish","type":"post","link":"https:\/\/www.notibras.com\/site\/viuva-provoca-e-vizinho-e-obrigado-a-se-mudar\/","title":{"rendered":"Vi\u00fava provoca e vizinho \u00e9 obrigado a se mudar"},"content":{"rendered":"<p>Solange, vi\u00fava aos 83 anos, tratou de vender o amplo apartamento na Asa Sul e foi se embrenhar para os lados de Sobradinho, onde alugou uma quitinete. Velha que estava, n\u00e3o precisaria lidar com um im\u00f3vel enorme. Afinal, bastariam uma boa cama para deitar a carca\u00e7a e uma poltrona confort\u00e1vel para passar os dias no que mais amava: ler poesias.<\/p>\n<p>Pois bem, l\u00e1 estava a idosa entretida com o livro &#8220;A verdade nos seres&#8221;, do poeta Daniel Marchi, quando algo come\u00e7ou a incomod\u00e1-la. Que cheiro era aquele? A mulher ergueu o livro bem perto do nariz. N\u00e3o! Daquelas p\u00e1ginas s\u00f3 era poss\u00edvel sentir o aroma de um jardim florido.<\/p>\n<p>Curiosa que era, Solange olhou as solas do chinelo. Nada! Tamb\u00e9m, como poderia ter algo ali, se ela n\u00e3o sa\u00eda do cub\u00edculo h\u00e1 quase dois dias? Decidida a desvendar aquele mist\u00e9rio, a senhora vasculhou todo o ambiente, que, de t\u00e3o pequeno, foi percorrido em n\u00e3o mais de dois minutos, apesar dos passos vagarosos. Nadica de nada!<\/p>\n<p>Que catinga era aquela? Foi at\u00e9 a janela, olhou pela fresta. Abriu-a toda, momento em que o fedor invadiu as narinas. Que inhaca!<\/p>\n<p>A mulher esticou o pesco\u00e7o e percebeu que sa\u00eda fuma\u00e7a da janela ao lado. Fez cara de braba e foi at\u00e9 a cozinha. Encheu uma caneca com \u00e1gua da torneira e se dirigiu \u00e0 porta do vizinho. Um homem, n\u00e3o mais de 50 anos, abriu a porta. Charuto na boca, o morador sorriu para a velha.<\/p>\n<p>Solange, sem pensar em algo melhor, sorriu todo o cinismo que lhe cabia. Jogou a \u00e1gua na cara do morador e foi embora. O homem, rosto molhado e charuto apagado, parece que entendeu o recado. Mudou-se no dia seguinte.<\/p>\n<p><strong>*Eduardo Mart\u00ednez \u00e9 autor do livro \u201c57 Contos e Cr\u00f4nicas por um Autor muito Velho\u201d.<\/strong><\/p>\n<p>Compre aqui\u00a0<span class=\"x19la9d6 x1fc57z9 x6ikm8r x10wlt62 x19co3pv x1g5zs5t xfibh0p xiy17q3 x1xsqp64 x1lkfr7t xexx8yu x4uap5 x18d9i69 xkhd6sd\"><span class=\"xrtxmta x1bhl96m\"><img decoding=\"async\" class=\"emoji\" role=\"img\" draggable=\"false\" src=\"https:\/\/s.w.org\/images\/core\/emoji\/14.0.0\/svg\/1f447-1f3ff.svg\" alt=\"&#x1f447;&#x1f3ff;\" \/><\/span><\/span><span class=\"x19la9d6 x1fc57z9 x6ikm8r x10wlt62 x19co3pv x1g5zs5t xfibh0p xiy17q3 x1xsqp64 x1lkfr7t xexx8yu x4uap5 x18d9i69 xkhd6sd\"><span class=\"xrtxmta x1bhl96m\"><img decoding=\"async\" class=\"emoji\" role=\"img\" draggable=\"false\" src=\"https:\/\/s.w.org\/images\/core\/emoji\/14.0.0\/svg\/1f447-1f3ff.svg\" alt=\"&#x1f447;&#x1f3ff;\" \/><\/span><\/span><span class=\"x19la9d6 x1fc57z9 x6ikm8r x10wlt62 x19co3pv x1g5zs5t xfibh0p xiy17q3 x1xsqp64 x1lkfr7t xexx8yu x4uap5 x18d9i69 xkhd6sd\"><span class=\"xrtxmta x1bhl96m\"><img decoding=\"async\" class=\"emoji\" role=\"img\" draggable=\"false\" src=\"https:\/\/s.w.org\/images\/core\/emoji\/14.0.0\/svg\/1f447-1f3ff.svg\" alt=\"&#x1f447;&#x1f3ff;\" \/><\/span><\/span><\/p>\n<p><a href=\"http:\/\/www.joanineditora.com.br\/57-contos-e-cronicas-por-um-autor-muito-velho\">http:\/\/www.joanineditora.com.br\/57-contos-e-cronicas-por-um-autor-muito-velho<\/a><\/p>\n","protected":false},"excerpt":{"rendered":"<p>Solange, vi\u00fava aos 83 anos, tratou de vender o amplo apartamento na Asa Sul e foi se embrenhar para os lados de Sobradinho, onde alugou uma quitinete. Velha que estava, n\u00e3o precisaria lidar com um im\u00f3vel enorme. Afinal, bastariam uma boa cama para deitar a carca\u00e7a e uma poltrona confort\u00e1vel para passar os dias no [&hellip;]<\/p>\n","protected":false},"author":2,"featured_media":337376,"comment_status":"closed","ping_status":"closed","sticky":false,"template":"","format":"standard","meta":{"_acf_changed":false,"footnotes":""},"categories":[161],"tags":[],"class_list":["post-337375","post","type-post","status-publish","format-standard","has-post-thumbnail","hentry","category-quadradinho-em-foco"],"acf":[],"_links":{"self":[{"href":"https:\/\/www.notibras.com\/site\/wp-json\/wp\/v2\/posts\/337375","targetHints":{"allow":["GET"]}}],"collection":[{"href":"https:\/\/www.notibras.com\/site\/wp-json\/wp\/v2\/posts"}],"about":[{"href":"https:\/\/www.notibras.com\/site\/wp-json\/wp\/v2\/types\/post"}],"author":[{"embeddable":true,"href":"https:\/\/www.notibras.com\/site\/wp-json\/wp\/v2\/users\/2"}],"replies":[{"embeddable":true,"href":"https:\/\/www.notibras.com\/site\/wp-json\/wp\/v2\/comments?post=337375"}],"version-history":[{"count":2,"href":"https:\/\/www.notibras.com\/site\/wp-json\/wp\/v2\/posts\/337375\/revisions"}],"predecessor-version":[{"id":337387,"href":"https:\/\/www.notibras.com\/site\/wp-json\/wp\/v2\/posts\/337375\/revisions\/337387"}],"wp:featuredmedia":[{"embeddable":true,"href":"https:\/\/www.notibras.com\/site\/wp-json\/wp\/v2\/media\/337376"}],"wp:attachment":[{"href":"https:\/\/www.notibras.com\/site\/wp-json\/wp\/v2\/media?parent=337375"}],"wp:term":[{"taxonomy":"category","embeddable":true,"href":"https:\/\/www.notibras.com\/site\/wp-json\/wp\/v2\/categories?post=337375"},{"taxonomy":"post_tag","embeddable":true,"href":"https:\/\/www.notibras.com\/site\/wp-json\/wp\/v2\/tags?post=337375"}],"curies":[{"name":"wp","href":"https:\/\/api.w.org\/{rel}","templated":true}]}}