{"id":337399,"date":"2024-09-27T00:50:37","date_gmt":"2024-09-27T03:50:37","guid":{"rendered":"https:\/\/www.notibras.com\/site\/?p=337399"},"modified":"2024-09-27T06:52:19","modified_gmt":"2024-09-27T09:52:19","slug":"covid-volta-a-preocupar-em-pernambuco-e-no-ceara","status":"publish","type":"post","link":"https:\/\/www.notibras.com\/site\/covid-volta-a-preocupar-em-pernambuco-e-no-ceara\/","title":{"rendered":"Covid volta a preocupar em Pernambuco e no Cear\u00e1"},"content":{"rendered":"<p>Seis estados, al\u00e9m do Distrito Federal, apresentam o cen\u00e1rio de aumento de casos de S\u00edndrome Respirat\u00f3ria Aguda Grave (SRAG) por covid-19, segundo o Boletim InfoGripe divulgado pela Funda\u00e7\u00e3o Oswaldo Cruz (Fiocruz). Desses, dois est\u00e3o no Nordeste: Cear\u00e1 e Pernambuco.<\/p>\n<p>A an\u00e1lise aponta que apesar da diminui\u00e7\u00e3o do crescimento dos casos graves, a covid-19 ainda \u00e9 a principal causa de mortalidade por s\u00edndrome respirat\u00f3ria entre os idosos, seguida pela influenza A.<\/p>\n<p>\u201c\u00c9 muito importante que todos os idosos e pessoas dos grupos de risco busquem o posto de sa\u00fade e se vacinem contra a covid-19\u201d, ressaltou a pesquisadora do Programa de Computa\u00e7\u00e3o Cient\u00edfica da Fiocruz e do InfoGripe Tatiana Portella.<\/p>\n<p>\u201cEm rela\u00e7\u00e3o \u00e0s recomenda\u00e7\u00f5es, \u00e9 importante sempre usar m\u00e1scaras em locais fechados com maior aglomera\u00e7\u00e3o de pessoas e dentro dos postos de sa\u00fade. Para as pessoas que moram em estados da Regi\u00e3o Norte com aumento de casos de S\u00edndrome Respirat\u00f3ria Aguda Grave, \u00e9 tamb\u00e9m importante lembrar que j\u00e1 come\u00e7ou a campanha de vacina\u00e7\u00e3o contra a influenza A. Ent\u00e3o todas as pessoas eleg\u00edveis a tomarem essa vacina devem buscar vacinar contra o v\u00edrus\u201d, orienta a pesquisadora.<\/p>\n","protected":false},"excerpt":{"rendered":"<p>Seis estados, al\u00e9m do Distrito Federal, apresentam o cen\u00e1rio de aumento de casos de S\u00edndrome Respirat\u00f3ria Aguda Grave (SRAG) por covid-19, segundo o Boletim InfoGripe divulgado pela Funda\u00e7\u00e3o Oswaldo Cruz (Fiocruz). Desses, dois est\u00e3o no Nordeste: Cear\u00e1 e Pernambuco. A an\u00e1lise aponta que apesar da diminui\u00e7\u00e3o do crescimento dos casos graves, a covid-19 ainda \u00e9 [&hellip;]<\/p>\n","protected":false},"author":2,"featured_media":337400,"comment_status":"closed","ping_status":"closed","sticky":false,"template":"","format":"standard","meta":{"_acf_changed":false,"footnotes":""},"categories":[165],"tags":[],"class_list":["post-337399","post","type-post","status-publish","format-standard","has-post-thumbnail","hentry","category-nordeste"],"acf":[],"_links":{"self":[{"href":"https:\/\/www.notibras.com\/site\/wp-json\/wp\/v2\/posts\/337399","targetHints":{"allow":["GET"]}}],"collection":[{"href":"https:\/\/www.notibras.com\/site\/wp-json\/wp\/v2\/posts"}],"about":[{"href":"https:\/\/www.notibras.com\/site\/wp-json\/wp\/v2\/types\/post"}],"author":[{"embeddable":true,"href":"https:\/\/www.notibras.com\/site\/wp-json\/wp\/v2\/users\/2"}],"replies":[{"embeddable":true,"href":"https:\/\/www.notibras.com\/site\/wp-json\/wp\/v2\/comments?post=337399"}],"version-history":[{"count":1,"href":"https:\/\/www.notibras.com\/site\/wp-json\/wp\/v2\/posts\/337399\/revisions"}],"predecessor-version":[{"id":337401,"href":"https:\/\/www.notibras.com\/site\/wp-json\/wp\/v2\/posts\/337399\/revisions\/337401"}],"wp:featuredmedia":[{"embeddable":true,"href":"https:\/\/www.notibras.com\/site\/wp-json\/wp\/v2\/media\/337400"}],"wp:attachment":[{"href":"https:\/\/www.notibras.com\/site\/wp-json\/wp\/v2\/media?parent=337399"}],"wp:term":[{"taxonomy":"category","embeddable":true,"href":"https:\/\/www.notibras.com\/site\/wp-json\/wp\/v2\/categories?post=337399"},{"taxonomy":"post_tag","embeddable":true,"href":"https:\/\/www.notibras.com\/site\/wp-json\/wp\/v2\/tags?post=337399"}],"curies":[{"name":"wp","href":"https:\/\/api.w.org\/{rel}","templated":true}]}}