{"id":337442,"date":"2024-09-28T06:24:40","date_gmt":"2024-09-28T09:24:40","guid":{"rendered":"https:\/\/www.notibras.com\/site\/?p=337442"},"modified":"2024-09-28T06:43:20","modified_gmt":"2024-09-28T09:43:20","slug":"matuto-confessa-causo-no-mato-que-ate-deus-duvida","status":"publish","type":"post","link":"https:\/\/www.notibras.com\/site\/matuto-confessa-causo-no-mato-que-ate-deus-duvida\/","title":{"rendered":"Matuto confessa causo no mato que at\u00e9 Deus duvida"},"content":{"rendered":"<p>L\u00e1 estava aquele matuto contando mais um desses causos que, por coincid\u00eancias da vida, parecem acontecer somente em Minas Gerais. No entanto, Natalino era de Luzi\u00e2nia, bem coladinho ao Distrito Federal.<\/p>\n<p>Diante de tais hist\u00f3rias quase imposs\u00edveis, o homem acabou angariando alguns desafetos, que o chamavam de mentiroso. J\u00e1 os amigos, por mais que tamb\u00e9m duvidassem daquelas incongru\u00eancias com a verdade, cismavam em defend\u00ea-lo.<\/p>\n<p>A intriga estava t\u00e3o grande, que o padre resolveu cham\u00e1-lo para uma confiss\u00e3o que, n\u00e3o se sabe como, acabou virando mais um causo. O loroteiro de um lado do confession\u00e1rio; o padre, do outro.<\/p>\n<p>Natalino disse que havia sido perseguido por um homem de tr\u00eas metros de altura. O grandalh\u00e3o estava com um fac\u00e3o maior do que uma pessoa de estatura m\u00e9dia. Enquanto corria, Natalino acabou trope\u00e7ando em um tronco e caiu. Na verdade, segundo o contator de causos, o tronco era uma cobra.<\/p>\n<p>Como estava escuro, o grandalh\u00e3o n\u00e3o percebeu que Natalino se esgueirou para o meio do capim alto. Ele tentou n\u00e3o se mexer, ficou com um olho no fac\u00e3o e o outro na serpente.<\/p>\n<p>\u2014 Seu padre, mas eu juro que \u00e9 verdade!<\/p>\n<p>\u2014 Mas como pode isso, meu filho?<\/p>\n<p>\u2014 Pois bem. L\u00e1 estava eu naquele mundar\u00e9u sem fim, o capim dessa altura. De repente, aquele homem me achou e sorriu aquele sorriso maligno. Ele ergueu o fac\u00e3o pra mim e j\u00e1 ia me cortar em pedacinhos. Mas a\u00ed, gra\u00e7as ao nosso bom Jesus Cristo, a cobra picou o dedinho do p\u00e9 do homem. A botina dele tinha um furinho justamente ali. Por sorte minha, o bandido caiu durinho na hora!<\/p>\n<p>\u2014 Meu filho, e que cobra era?<\/p>\n<p>\u2014 Ah, isso eu n\u00e3o sei n\u00e3o. Mas que a bicha tinha tr\u00eas tipos de veneno, ah, isso tinha!<\/p>\n<p>\u2014 E cad\u00ea o corpo do homem que ningu\u00e9m viu, Natalino?<\/p>\n<p>\u2014 E n\u00e3o \u00e9 que apareceu uma on\u00e7a e comeu o mardito inteirinho?<\/p>\n<p>\u2014 At\u00e9 os ossos?<\/p>\n<p>\u2014 Pro senh\u00f4 v\u00ea! Int\u00e9 os ossos!<\/p>\n<p><strong>*Eduardo Mart\u00ednez \u00e9 autor do livro \u201c57 Contos e Cr\u00f4nicas por um Autor muito Velho\u201d.<\/strong><\/p>\n<p>Compre aqui\u00a0<span class=\"x19la9d6 x1fc57z9 x6ikm8r x10wlt62 x19co3pv x1g5zs5t xfibh0p xiy17q3 x1xsqp64 x1lkfr7t xexx8yu x4uap5 x18d9i69 xkhd6sd\"><span class=\"xrtxmta x1bhl96m\"><img decoding=\"async\" class=\"emoji\" role=\"img\" draggable=\"false\" src=\"https:\/\/s.w.org\/images\/core\/emoji\/14.0.0\/svg\/1f447-1f3ff.svg\" alt=\"&#x1f447;&#x1f3ff;\" \/><\/span><\/span><span class=\"x19la9d6 x1fc57z9 x6ikm8r x10wlt62 x19co3pv x1g5zs5t xfibh0p xiy17q3 x1xsqp64 x1lkfr7t xexx8yu x4uap5 x18d9i69 xkhd6sd\"><span class=\"xrtxmta x1bhl96m\"><img decoding=\"async\" class=\"emoji\" role=\"img\" draggable=\"false\" src=\"https:\/\/s.w.org\/images\/core\/emoji\/14.0.0\/svg\/1f447-1f3ff.svg\" alt=\"&#x1f447;&#x1f3ff;\" \/><\/span><\/span><span class=\"x19la9d6 x1fc57z9 x6ikm8r x10wlt62 x19co3pv x1g5zs5t xfibh0p xiy17q3 x1xsqp64 x1lkfr7t xexx8yu x4uap5 x18d9i69 xkhd6sd\"><span class=\"xrtxmta x1bhl96m\"><img decoding=\"async\" class=\"emoji\" role=\"img\" draggable=\"false\" src=\"https:\/\/s.w.org\/images\/core\/emoji\/14.0.0\/svg\/1f447-1f3ff.svg\" alt=\"&#x1f447;&#x1f3ff;\" \/><\/span><\/span><\/p>\n<p><a href=\"http:\/\/www.joanineditora.com.br\/57-contos-e-cronicas-por-um-autor-muito-velho\">http:\/\/www.joanineditora.com.br\/57-contos-e-cronicas-por-um-autor-muito-velho<\/a><\/p>\n","protected":false},"excerpt":{"rendered":"<p>L\u00e1 estava aquele matuto contando mais um desses causos que, por coincid\u00eancias da vida, parecem acontecer somente em Minas Gerais. No entanto, Natalino era de Luzi\u00e2nia, bem coladinho ao Distrito Federal. Diante de tais hist\u00f3rias quase imposs\u00edveis, o homem acabou angariando alguns desafetos, que o chamavam de mentiroso. J\u00e1 os amigos, por mais que tamb\u00e9m [&hellip;]<\/p>\n","protected":false},"author":2,"featured_media":337443,"comment_status":"closed","ping_status":"closed","sticky":false,"template":"","format":"standard","meta":{"_acf_changed":false,"footnotes":""},"categories":[161],"tags":[],"class_list":["post-337442","post","type-post","status-publish","format-standard","has-post-thumbnail","hentry","category-quadradinho-em-foco"],"acf":[],"_links":{"self":[{"href":"https:\/\/www.notibras.com\/site\/wp-json\/wp\/v2\/posts\/337442","targetHints":{"allow":["GET"]}}],"collection":[{"href":"https:\/\/www.notibras.com\/site\/wp-json\/wp\/v2\/posts"}],"about":[{"href":"https:\/\/www.notibras.com\/site\/wp-json\/wp\/v2\/types\/post"}],"author":[{"embeddable":true,"href":"https:\/\/www.notibras.com\/site\/wp-json\/wp\/v2\/users\/2"}],"replies":[{"embeddable":true,"href":"https:\/\/www.notibras.com\/site\/wp-json\/wp\/v2\/comments?post=337442"}],"version-history":[{"count":4,"href":"https:\/\/www.notibras.com\/site\/wp-json\/wp\/v2\/posts\/337442\/revisions"}],"predecessor-version":[{"id":337452,"href":"https:\/\/www.notibras.com\/site\/wp-json\/wp\/v2\/posts\/337442\/revisions\/337452"}],"wp:featuredmedia":[{"embeddable":true,"href":"https:\/\/www.notibras.com\/site\/wp-json\/wp\/v2\/media\/337443"}],"wp:attachment":[{"href":"https:\/\/www.notibras.com\/site\/wp-json\/wp\/v2\/media?parent=337442"}],"wp:term":[{"taxonomy":"category","embeddable":true,"href":"https:\/\/www.notibras.com\/site\/wp-json\/wp\/v2\/categories?post=337442"},{"taxonomy":"post_tag","embeddable":true,"href":"https:\/\/www.notibras.com\/site\/wp-json\/wp\/v2\/tags?post=337442"}],"curies":[{"name":"wp","href":"https:\/\/api.w.org\/{rel}","templated":true}]}}