{"id":337459,"date":"2024-09-28T00:38:29","date_gmt":"2024-09-28T03:38:29","guid":{"rendered":"https:\/\/www.notibras.com\/site\/?p=337459"},"modified":"2024-09-28T07:40:52","modified_gmt":"2024-09-28T10:40:52","slug":"governo-anuncia-mais-de-mil-casas-para-familias-nordestinas","status":"publish","type":"post","link":"https:\/\/www.notibras.com\/site\/governo-anuncia-mais-de-mil-casas-para-familias-nordestinas\/","title":{"rendered":"Governo anuncia mais de mil casas para fam\u00edlias nordestinas"},"content":{"rendered":"<p>O Minist\u00e9rio das Cidades publicou no Di\u00e1rio Oficial da Uni\u00e3o, autoriza\u00e7\u00e3o para constru\u00e7\u00e3o de 5 mil 123 novas moradias pelo Minha Casa, Minha Vida.<\/p>\n<p>Cerca de 20 mil brasileiros ser\u00e3o contemplados com a casa pr\u00f3pria em 27 munic\u00edpios, de 13 estados. O investimento est\u00e1 estimado em R$ 829,9 milh\u00f5es.<\/p>\n<p>De acordo com o minist\u00e9rio, o valor ser\u00e1 distribu\u00eddo pelas cinco regi\u00f5es do pa\u00eds.<\/p>\n<p>No Nordeste, ser\u00e3o constru\u00eddas no total 1 mil 128 novas casas pr\u00f3prias. Os estad\u00e3o s\u00e3o o Maranh\u00e3o, com 444; outras 384 em Sergipe, 250 na Bahia e 50 no Alagoas.<\/p>\n","protected":false},"excerpt":{"rendered":"<p>O Minist\u00e9rio das Cidades publicou no Di\u00e1rio Oficial da Uni\u00e3o, autoriza\u00e7\u00e3o para constru\u00e7\u00e3o de 5 mil 123 novas moradias pelo Minha Casa, Minha Vida. Cerca de 20 mil brasileiros ser\u00e3o contemplados com a casa pr\u00f3pria em 27 munic\u00edpios, de 13 estados. O investimento est\u00e1 estimado em R$ 829,9 milh\u00f5es. De acordo com o minist\u00e9rio, o [&hellip;]<\/p>\n","protected":false},"author":2,"featured_media":337460,"comment_status":"closed","ping_status":"closed","sticky":false,"template":"","format":"standard","meta":{"_acf_changed":false,"footnotes":""},"categories":[165],"tags":[],"class_list":["post-337459","post","type-post","status-publish","format-standard","has-post-thumbnail","hentry","category-nordeste"],"acf":[],"_links":{"self":[{"href":"https:\/\/www.notibras.com\/site\/wp-json\/wp\/v2\/posts\/337459","targetHints":{"allow":["GET"]}}],"collection":[{"href":"https:\/\/www.notibras.com\/site\/wp-json\/wp\/v2\/posts"}],"about":[{"href":"https:\/\/www.notibras.com\/site\/wp-json\/wp\/v2\/types\/post"}],"author":[{"embeddable":true,"href":"https:\/\/www.notibras.com\/site\/wp-json\/wp\/v2\/users\/2"}],"replies":[{"embeddable":true,"href":"https:\/\/www.notibras.com\/site\/wp-json\/wp\/v2\/comments?post=337459"}],"version-history":[{"count":1,"href":"https:\/\/www.notibras.com\/site\/wp-json\/wp\/v2\/posts\/337459\/revisions"}],"predecessor-version":[{"id":337461,"href":"https:\/\/www.notibras.com\/site\/wp-json\/wp\/v2\/posts\/337459\/revisions\/337461"}],"wp:featuredmedia":[{"embeddable":true,"href":"https:\/\/www.notibras.com\/site\/wp-json\/wp\/v2\/media\/337460"}],"wp:attachment":[{"href":"https:\/\/www.notibras.com\/site\/wp-json\/wp\/v2\/media?parent=337459"}],"wp:term":[{"taxonomy":"category","embeddable":true,"href":"https:\/\/www.notibras.com\/site\/wp-json\/wp\/v2\/categories?post=337459"},{"taxonomy":"post_tag","embeddable":true,"href":"https:\/\/www.notibras.com\/site\/wp-json\/wp\/v2\/tags?post=337459"}],"curies":[{"name":"wp","href":"https:\/\/api.w.org\/{rel}","templated":true}]}}