{"id":337477,"date":"2024-09-28T00:00:11","date_gmt":"2024-09-28T03:00:11","guid":{"rendered":"https:\/\/www.notibras.com\/site\/?p=337477"},"modified":"2024-09-28T08:15:10","modified_gmt":"2024-09-28T11:15:10","slug":"apos-apagao-em-50-cidades-transmissao-de-energia-e-normalizada","status":"publish","type":"post","link":"https:\/\/www.notibras.com\/site\/apos-apagao-em-50-cidades-transmissao-de-energia-e-normalizada\/","title":{"rendered":"Ap\u00f3s apag\u00e3o em 50 cidades, transmiss\u00e3o de energia \u00e9 normalizada"},"content":{"rendered":"<p>Cerca de 50 cidades da Para\u00edba ficaram sem energia el\u00e9trica na madrugada desta sexta-feira (27). De acordo com a distribuidora Energisa, a falha foi causada por uma ocorr\u00eancia na transmissora de energia em Campina Grande, respons\u00e1vel pelo suprimento para a Energisa.<\/p>\n<p>O fornecimento foi afetado nas cidades das regi\u00f5es da Borborema e Cariri paraibano, por volta das 5h20 de hoje. O restabelecimento ocorreu em cerca de 30 minutos.<\/p>\n<p>Em nota, a empresa destaca que n\u00e3o houve qualquer problema ou anormalidade na rede de distribui\u00e7\u00e3o de energia. \u201cDurante todo o tempo, a Energisa esteve em contato com a supridora para apoiar no que fosse necess\u00e1rio \u00e0 recomposi\u00e7\u00e3o\u201d, informou.<\/p>\n","protected":false},"excerpt":{"rendered":"<p>Cerca de 50 cidades da Para\u00edba ficaram sem energia el\u00e9trica na madrugada desta sexta-feira (27). De acordo com a distribuidora Energisa, a falha foi causada por uma ocorr\u00eancia na transmissora de energia em Campina Grande, respons\u00e1vel pelo suprimento para a Energisa. O fornecimento foi afetado nas cidades das regi\u00f5es da Borborema e Cariri paraibano, por [&hellip;]<\/p>\n","protected":false},"author":2,"featured_media":222482,"comment_status":"closed","ping_status":"closed","sticky":false,"template":"","format":"standard","meta":{"_acf_changed":false,"footnotes":""},"categories":[165],"tags":[],"class_list":["post-337477","post","type-post","status-publish","format-standard","has-post-thumbnail","hentry","category-nordeste"],"acf":[],"_links":{"self":[{"href":"https:\/\/www.notibras.com\/site\/wp-json\/wp\/v2\/posts\/337477","targetHints":{"allow":["GET"]}}],"collection":[{"href":"https:\/\/www.notibras.com\/site\/wp-json\/wp\/v2\/posts"}],"about":[{"href":"https:\/\/www.notibras.com\/site\/wp-json\/wp\/v2\/types\/post"}],"author":[{"embeddable":true,"href":"https:\/\/www.notibras.com\/site\/wp-json\/wp\/v2\/users\/2"}],"replies":[{"embeddable":true,"href":"https:\/\/www.notibras.com\/site\/wp-json\/wp\/v2\/comments?post=337477"}],"version-history":[{"count":1,"href":"https:\/\/www.notibras.com\/site\/wp-json\/wp\/v2\/posts\/337477\/revisions"}],"predecessor-version":[{"id":337478,"href":"https:\/\/www.notibras.com\/site\/wp-json\/wp\/v2\/posts\/337477\/revisions\/337478"}],"wp:featuredmedia":[{"embeddable":true,"href":"https:\/\/www.notibras.com\/site\/wp-json\/wp\/v2\/media\/222482"}],"wp:attachment":[{"href":"https:\/\/www.notibras.com\/site\/wp-json\/wp\/v2\/media?parent=337477"}],"wp:term":[{"taxonomy":"category","embeddable":true,"href":"https:\/\/www.notibras.com\/site\/wp-json\/wp\/v2\/categories?post=337477"},{"taxonomy":"post_tag","embeddable":true,"href":"https:\/\/www.notibras.com\/site\/wp-json\/wp\/v2\/tags?post=337477"}],"curies":[{"name":"wp","href":"https:\/\/api.w.org\/{rel}","templated":true}]}}