{"id":337484,"date":"2024-09-28T00:01:13","date_gmt":"2024-09-28T03:01:13","guid":{"rendered":"https:\/\/www.notibras.com\/site\/?p=337484"},"modified":"2024-09-28T08:43:07","modified_gmt":"2024-09-28T11:43:07","slug":"simposio-da-sejus-discute-a-importancia-da-ressocializacao","status":"publish","type":"post","link":"https:\/\/www.notibras.com\/site\/simposio-da-sejus-discute-a-importancia-da-ressocializacao\/","title":{"rendered":"Simp\u00f3sio da Sejus discute a import\u00e2ncia da ressocializa\u00e7\u00e3o"},"content":{"rendered":"<p>A Funda\u00e7\u00e3o de Amparo ao Trabalhador Preso (Funap-DF), \u00f3rg\u00e3o vinculado \u00e0 Secretaria de Justi\u00e7a e Cidadania (Sejus-DF), promoveu nesta sexta-feira (27), no audit\u00f3rio da Escola de Governo (Egov), o simp\u00f3sio A import\u00e2ncia do trabalho no processo de ressocializa\u00e7\u00e3o do sentenciado, em comemora\u00e7\u00e3o aos 38 anos de atua\u00e7\u00e3o do \u00f3rg\u00e3o.<\/p>\n<p>Com mais de 3 mil reeducandos inseridos no mercado de trabalho e mais de 104 contratos firmados com empresas p\u00fablicas e privadas, a Funap promove a inclus\u00e3o a fim de contribuir com a justi\u00e7a social. O simp\u00f3sio proporcionou a discuss\u00e3o sobre o papel fundamental do trabalho na ressocializa\u00e7\u00e3o dos reeducandos e os desafios e avan\u00e7os na reintegra\u00e7\u00e3o social da popula\u00e7\u00e3o prisional.<\/p>\n<p>Para a secret\u00e1ria de Justi\u00e7a e Cidadania, Marcela Passamani, \u201ctodos n\u00f3s temos direito a uma nova oportunidade. Oferecer profissionaliza\u00e7\u00e3o aos reeducandos \u00e9 contribuir para a fun\u00e7\u00e3o ressocializadora atribu\u00edda \u00e0s penas privativas de liberdade a fim de reintegr\u00e1-los \u00e0 sociedade. A quest\u00e3o da n\u00e3o reincid\u00eancia est\u00e1 muito vinculada \u00e0 possibilidade de essas pessoas terem v\u00ednculos empregat\u00edcios, portanto \u00e9 preciso criar as oportunidades para que esses detentos se capacitem\u201d.<\/p>\n<p>Segundo a diretora-executiva da Funap, Deuselita Martins, \u201choje, ao celebrarmos os 38 anos da Funap\/DF com este simp\u00f3sio, reafirmamos a import\u00e2ncia do trabalho como ferramenta essencial para a ressocializa\u00e7\u00e3o do sentenciado. Cada iniciativa que promovemos \u00e9 um passo para transformar vidas e mostrar que a reintegra\u00e7\u00e3o social \u00e9 poss\u00edvel. O trabalho devolve dignidade, abre portas e oferece uma nova chance para aqueles que desejam recome\u00e7ar. Esta \u00e9 a miss\u00e3o da Funap e seguimos comprometidos com essa causa\u201d.<\/p>\n<p><strong>Arte que liberta<\/strong><br \/>\nDurante o simp\u00f3sio, foi lan\u00e7ado o Concurso Cultural de Reda\u00e7\u00e3o, Poesia e Desenho da Funap, iniciativa voltada aos reeducandos que t\u00eam se destacado no processo de ressocializa\u00e7\u00e3o. Ao final do evento, os presentes participaram de um lanche especial, preparado pelos apenados que integram os projetos de capacita\u00e7\u00e3o e trabalho da Funap.<\/p>\n","protected":false},"excerpt":{"rendered":"<p>A Funda\u00e7\u00e3o de Amparo ao Trabalhador Preso (Funap-DF), \u00f3rg\u00e3o vinculado \u00e0 Secretaria de Justi\u00e7a e Cidadania (Sejus-DF), promoveu nesta sexta-feira (27), no audit\u00f3rio da Escola de Governo (Egov), o simp\u00f3sio A import\u00e2ncia do trabalho no processo de ressocializa\u00e7\u00e3o do sentenciado, em comemora\u00e7\u00e3o aos 38 anos de atua\u00e7\u00e3o do \u00f3rg\u00e3o. Com mais de 3 mil reeducandos [&hellip;]<\/p>\n","protected":false},"author":2,"featured_media":337485,"comment_status":"closed","ping_status":"closed","sticky":false,"template":"","format":"standard","meta":{"_acf_changed":false,"footnotes":""},"categories":[161],"tags":[],"class_list":["post-337484","post","type-post","status-publish","format-standard","has-post-thumbnail","hentry","category-quadradinho-em-foco"],"acf":[],"_links":{"self":[{"href":"https:\/\/www.notibras.com\/site\/wp-json\/wp\/v2\/posts\/337484","targetHints":{"allow":["GET"]}}],"collection":[{"href":"https:\/\/www.notibras.com\/site\/wp-json\/wp\/v2\/posts"}],"about":[{"href":"https:\/\/www.notibras.com\/site\/wp-json\/wp\/v2\/types\/post"}],"author":[{"embeddable":true,"href":"https:\/\/www.notibras.com\/site\/wp-json\/wp\/v2\/users\/2"}],"replies":[{"embeddable":true,"href":"https:\/\/www.notibras.com\/site\/wp-json\/wp\/v2\/comments?post=337484"}],"version-history":[{"count":1,"href":"https:\/\/www.notibras.com\/site\/wp-json\/wp\/v2\/posts\/337484\/revisions"}],"predecessor-version":[{"id":337486,"href":"https:\/\/www.notibras.com\/site\/wp-json\/wp\/v2\/posts\/337484\/revisions\/337486"}],"wp:featuredmedia":[{"embeddable":true,"href":"https:\/\/www.notibras.com\/site\/wp-json\/wp\/v2\/media\/337485"}],"wp:attachment":[{"href":"https:\/\/www.notibras.com\/site\/wp-json\/wp\/v2\/media?parent=337484"}],"wp:term":[{"taxonomy":"category","embeddable":true,"href":"https:\/\/www.notibras.com\/site\/wp-json\/wp\/v2\/categories?post=337484"},{"taxonomy":"post_tag","embeddable":true,"href":"https:\/\/www.notibras.com\/site\/wp-json\/wp\/v2\/tags?post=337484"}],"curies":[{"name":"wp","href":"https:\/\/api.w.org\/{rel}","templated":true}]}}