{"id":337487,"date":"2024-09-28T00:06:41","date_gmt":"2024-09-28T03:06:41","guid":{"rendered":"https:\/\/www.notibras.com\/site\/?p=337487"},"modified":"2024-09-28T08:48:12","modified_gmt":"2024-09-28T11:48:12","slug":"brasiliense-tera-mais-de-40-locais-de-vacinacao-no-fim-de-semana","status":"publish","type":"post","link":"https:\/\/www.notibras.com\/site\/brasiliense-tera-mais-de-40-locais-de-vacinacao-no-fim-de-semana\/","title":{"rendered":"Brasiliense ter\u00e1 mais de 40 locais de vacina\u00e7\u00e3o no fim de semana"},"content":{"rendered":"<p>S\u00e1bado (28) \u00e9 dia de atualizar a caderneta de imuniza\u00e7\u00e3o. A Secretaria de Sa\u00fade ter\u00e1 46 locais de atendimento, com op\u00e7\u00f5es para completar os esquemas vacinais de beb\u00eas, crian\u00e7as, adolescentes, adultos e idosos. O calend\u00e1rio de rotina pode ser conferido no site da pasta.<\/p>\n<p>Entre os locais disponibilizados est\u00e3o o \u00c1guas Claras Shopping, a Administra\u00e7\u00e3o Regional do Parano\u00e1 e o Centro de Ensino Fundamental do Incra 9, em Ceil\u00e2ndia. A lista completa com endere\u00e7os e hor\u00e1rios tamb\u00e9m est\u00e1 dispon\u00edvel no site da SES-DF.<\/p>\n<p>As equipes de sa\u00fade orientam levar documento e, se poss\u00edvel, a caderneta de vacina\u00e7\u00e3o. Tamb\u00e9m \u00e9 importante estar atento \u00e0s doses dispon\u00edveis em cada local, bem como os hor\u00e1rios de atendimento: h\u00e1 pontos que funcionam at\u00e9 11h30, outros encerram o atendimento \u00e0s 12h e alguns seguem at\u00e9 as 17h.<\/p>\n<p>No domingo (29), haver\u00e1 um local de vacina\u00e7\u00e3o, na casa de eventos Worlld Bras\u00edlia, no SIA, durante uma a\u00e7\u00e3o social para mulheres, das 9h \u00e0s 14h. Na segunda-feira (30), mais de 100 salas de vacina do DF abrem a partir das 7h, com oferta completa de imunizantes.<\/p>\n","protected":false},"excerpt":{"rendered":"<p>S\u00e1bado (28) \u00e9 dia de atualizar a caderneta de imuniza\u00e7\u00e3o. A Secretaria de Sa\u00fade ter\u00e1 46 locais de atendimento, com op\u00e7\u00f5es para completar os esquemas vacinais de beb\u00eas, crian\u00e7as, adolescentes, adultos e idosos. O calend\u00e1rio de rotina pode ser conferido no site da pasta. Entre os locais disponibilizados est\u00e3o o \u00c1guas Claras Shopping, a Administra\u00e7\u00e3o [&hellip;]<\/p>\n","protected":false},"author":2,"featured_media":337488,"comment_status":"closed","ping_status":"closed","sticky":false,"template":"","format":"standard","meta":{"_acf_changed":false,"footnotes":""},"categories":[161],"tags":[],"class_list":["post-337487","post","type-post","status-publish","format-standard","has-post-thumbnail","hentry","category-quadradinho-em-foco"],"acf":[],"_links":{"self":[{"href":"https:\/\/www.notibras.com\/site\/wp-json\/wp\/v2\/posts\/337487","targetHints":{"allow":["GET"]}}],"collection":[{"href":"https:\/\/www.notibras.com\/site\/wp-json\/wp\/v2\/posts"}],"about":[{"href":"https:\/\/www.notibras.com\/site\/wp-json\/wp\/v2\/types\/post"}],"author":[{"embeddable":true,"href":"https:\/\/www.notibras.com\/site\/wp-json\/wp\/v2\/users\/2"}],"replies":[{"embeddable":true,"href":"https:\/\/www.notibras.com\/site\/wp-json\/wp\/v2\/comments?post=337487"}],"version-history":[{"count":1,"href":"https:\/\/www.notibras.com\/site\/wp-json\/wp\/v2\/posts\/337487\/revisions"}],"predecessor-version":[{"id":337489,"href":"https:\/\/www.notibras.com\/site\/wp-json\/wp\/v2\/posts\/337487\/revisions\/337489"}],"wp:featuredmedia":[{"embeddable":true,"href":"https:\/\/www.notibras.com\/site\/wp-json\/wp\/v2\/media\/337488"}],"wp:attachment":[{"href":"https:\/\/www.notibras.com\/site\/wp-json\/wp\/v2\/media?parent=337487"}],"wp:term":[{"taxonomy":"category","embeddable":true,"href":"https:\/\/www.notibras.com\/site\/wp-json\/wp\/v2\/categories?post=337487"},{"taxonomy":"post_tag","embeddable":true,"href":"https:\/\/www.notibras.com\/site\/wp-json\/wp\/v2\/tags?post=337487"}],"curies":[{"name":"wp","href":"https:\/\/api.w.org\/{rel}","templated":true}]}}