{"id":337490,"date":"2024-09-28T00:01:02","date_gmt":"2024-09-28T03:01:02","guid":{"rendered":"https:\/\/www.notibras.com\/site\/?p=337490"},"modified":"2024-09-28T08:52:33","modified_gmt":"2024-09-28T11:52:33","slug":"feira-da-torre-ganha-novas-rampas-de-acessibilidade","status":"publish","type":"post","link":"https:\/\/www.notibras.com\/site\/feira-da-torre-ganha-novas-rampas-de-acessibilidade\/","title":{"rendered":"Feira da Torre ganha novas rampas de acessibilidade"},"content":{"rendered":"<p>Para oferecer acessibilidade e mais seguran\u00e7a aos cidad\u00e3os e visitantes da capital, a Administra\u00e7\u00e3o Regional do Plano Piloto construiu duas rampas em pontos estrat\u00e9gicos que d\u00e3o acesso \u00e0 Feira da Torre de TV. As benfeitorias v\u00e3o facilitar a circula\u00e7\u00e3o de cadeiras de rodas, carrinhos e beb\u00eas, idosos e pessoas com dificuldade de locomo\u00e7\u00e3o. Os novos acessos possuem inclina\u00e7\u00e3o m\u00e1xima de 8,3%, obedecendo \u00e0s normas t\u00e9cnicas.<\/p>\n<p>As equipes da administra\u00e7\u00e3o tamb\u00e9m fizeram a substitui\u00e7\u00e3o de tampas de 15 po\u00e7os de visita por novas de concreto para evitar acidentes e furtos do material em metal dentro da feira. Tamb\u00e9m foi feita a limpeza interna e externa com a retirada de lixo e entulho.<\/p>\n<p>A turista de Manaus Elis\u00e2ngela Piat\u00e3, 51 anos, diz que veio visitar os parentes na capital e que gostou da limpeza e organiza\u00e7\u00e3o da feira. Essa iniciativa \u00e9 fundamental para manter a infraestrutura da cidade em boas condi\u00e7\u00f5es de receber os visitantes, al\u00e9m de oferecer mais comodidade para todos que circulam pelo local\u201d, elogiou a turista.<\/p>\n<p>Para o administrador do Plano Piloto, Bruno Ol\u00edmpio, incorporar a acessibilidade no turismo tem um impacto social e econ\u00f4mico profundo, e as melhorias no espa\u00e7o t\u00eam sido fruto de reuni\u00f5es com os feirantes e da escuta de visitantes que circulam pela feira. \u201cO que compete \u00e0 administra\u00e7\u00e3o fazer, estamos realizando e atendendo \u00e0s demandas, como a limpeza a cada 15 dias da \u00e1rea de alimenta\u00e7\u00e3o da feira. Al\u00e9m disso, fizemos as duas rampas de acessibilidade em pontos estrat\u00e9gicos citados pelos usu\u00e1rios. \u00c9 fundamental garantir que o turismo seja acess\u00edvel a todos! \u201d, ressaltou o administrador.<\/p>\n<p><strong>Zeladoria<\/strong><br \/>\nEquipes da Administra\u00e7\u00e3o Regional do Plano Piloto, em parceria com o GDF Presente e o Renova DF, realizaram em mar\u00e7o um mutir\u00e3o de servi\u00e7os na Pra\u00e7a dos Tr\u00eas Poderes. Tamb\u00e9m foi feita a manuten\u00e7\u00e3o da \u00e1rea externa da Catedral de Bras\u00edlia, com servi\u00e7os de impermeabiliza\u00e7\u00e3o, el\u00e9trico e hidr\u00e1ulico, al\u00e9m da troca e limpeza do espelho d\u2019\u00e1gua. A opera\u00e7\u00e3o integra a programa\u00e7\u00e3o di\u00e1ria de zeladoria implementada pela R.A.<\/p>\n","protected":false},"excerpt":{"rendered":"<p>Para oferecer acessibilidade e mais seguran\u00e7a aos cidad\u00e3os e visitantes da capital, a Administra\u00e7\u00e3o Regional do Plano Piloto construiu duas rampas em pontos estrat\u00e9gicos que d\u00e3o acesso \u00e0 Feira da Torre de TV. As benfeitorias v\u00e3o facilitar a circula\u00e7\u00e3o de cadeiras de rodas, carrinhos e beb\u00eas, idosos e pessoas com dificuldade de locomo\u00e7\u00e3o. Os novos [&hellip;]<\/p>\n","protected":false},"author":2,"featured_media":337491,"comment_status":"closed","ping_status":"closed","sticky":false,"template":"","format":"standard","meta":{"_acf_changed":false,"footnotes":""},"categories":[161],"tags":[],"class_list":["post-337490","post","type-post","status-publish","format-standard","has-post-thumbnail","hentry","category-quadradinho-em-foco"],"acf":[],"_links":{"self":[{"href":"https:\/\/www.notibras.com\/site\/wp-json\/wp\/v2\/posts\/337490","targetHints":{"allow":["GET"]}}],"collection":[{"href":"https:\/\/www.notibras.com\/site\/wp-json\/wp\/v2\/posts"}],"about":[{"href":"https:\/\/www.notibras.com\/site\/wp-json\/wp\/v2\/types\/post"}],"author":[{"embeddable":true,"href":"https:\/\/www.notibras.com\/site\/wp-json\/wp\/v2\/users\/2"}],"replies":[{"embeddable":true,"href":"https:\/\/www.notibras.com\/site\/wp-json\/wp\/v2\/comments?post=337490"}],"version-history":[{"count":1,"href":"https:\/\/www.notibras.com\/site\/wp-json\/wp\/v2\/posts\/337490\/revisions"}],"predecessor-version":[{"id":337492,"href":"https:\/\/www.notibras.com\/site\/wp-json\/wp\/v2\/posts\/337490\/revisions\/337492"}],"wp:featuredmedia":[{"embeddable":true,"href":"https:\/\/www.notibras.com\/site\/wp-json\/wp\/v2\/media\/337491"}],"wp:attachment":[{"href":"https:\/\/www.notibras.com\/site\/wp-json\/wp\/v2\/media?parent=337490"}],"wp:term":[{"taxonomy":"category","embeddable":true,"href":"https:\/\/www.notibras.com\/site\/wp-json\/wp\/v2\/categories?post=337490"},{"taxonomy":"post_tag","embeddable":true,"href":"https:\/\/www.notibras.com\/site\/wp-json\/wp\/v2\/tags?post=337490"}],"curies":[{"name":"wp","href":"https:\/\/api.w.org\/{rel}","templated":true}]}}