{"id":33750,"date":"2015-01-12T09:00:41","date_gmt":"2015-01-12T12:00:41","guid":{"rendered":"http:\/\/www.notibras.com\/site\/?p=33750"},"modified":"2015-01-12T17:41:05","modified_gmt":"2015-01-12T20:41:05","slug":"pt-reage-a-criticas-de-marta-e-ve-pretexto-para-deixar-o-partido","status":"publish","type":"post","link":"https:\/\/www.notibras.com\/site\/pt-reage-a-criticas-de-marta-e-ve-pretexto-para-deixar-o-partido\/","title":{"rendered":"PT reage a cr\u00edticas de Marta e v\u00ea pretexto para ela deixar o partido"},"content":{"rendered":"<p>Petistas e integrantes do governo Dilma Rousseff consideram que Marta Suplicy (SP), ao atacar seu pr\u00f3prio partido, busca \u201ccriar um fato\u201d para \u201ctentar legitimar\u201d sua sa\u00edda da sigla, de acordo com informa\u00e7\u00f5es publicadas pela Folha de S. Paulo.<\/p>\n<p>Em entrevista ao jornal \u201cO Estado de S. Paulo\u201d, Marta disse que \u201cou o PT muda ou acaba\u201d e criticou o ministro Aloizio Mercadante (Casa Civil) e o presidente do partido, Rui Falc\u00e3o. A senadora classificou Mercadante de \u201cinimigo\u201d de Lula e acusou Falc\u00e3o de trair o projeto da sigla.<\/p>\n<p>Ao acusar o atual presidente do PT de trair o projeto do partido, a ex-ministra da Cultura estaria indicando os argumentos que poder\u00e1 usar na Justi\u00e7a para justificar sua sa\u00edda do partido. Para manter o mandato em caso de sa\u00edda do PT, Marta precisa apresentar \u00e0 Justi\u00e7a Eleitoral justificativas para a mudan\u00e7a.<\/p>\n<blockquote><p>A senadora tamb\u00e9m disse que o ex-presidente Luiz In\u00e1cio Lula da Silva reclamava de Dilma, afirmando que ela n\u00e3o o ouvia sobre as mudan\u00e7as na pol\u00edtica econ\u00f4mica do governo.<\/p><\/blockquote>\n<p>Para assessores de Dilma e petistas, Marta deveria ter feito este tipo de discuss\u00e3o internamento. Segundo eles, a senadora est\u00e1 disposta a deixar o partido e busca \u201cjustificar\u201d a sa\u00edda da legenda.<\/p>\n<p>A orienta\u00e7\u00e3o dentro do governo \u00e9 \u201cignorar publicamente\u201d a entrevista da senadora, deixando uma resposta oficial para a diretoria do PT.<\/p>\n","protected":false},"excerpt":{"rendered":"<p>Petistas e integrantes do governo Dilma Rousseff consideram que Marta Suplicy (SP), ao atacar seu pr\u00f3prio partido, busca \u201ccriar um fato\u201d para \u201ctentar legitimar\u201d sua sa\u00edda da sigla, de acordo com informa\u00e7\u00f5es publicadas pela Folha de S. Paulo. Em entrevista ao jornal \u201cO Estado de S. Paulo\u201d, Marta disse que \u201cou o PT muda ou [&hellip;]<\/p>\n","protected":false},"author":2,"featured_media":33751,"comment_status":"open","ping_status":"closed","sticky":false,"template":"","format":"standard","meta":{"_acf_changed":false,"footnotes":""},"categories":[16],"tags":[],"class_list":["post-33750","post","type-post","status-publish","format-standard","has-post-thumbnail","hentry","category-brasil"],"acf":[],"yoast_head":"<!-- This site is optimized with the Yoast SEO plugin v27.2 - https:\/\/yoast.com\/product\/yoast-seo-wordpress\/ -->\n<title>PT reage a cr\u00edticas de Marta e v\u00ea pretexto para ela deixar o partido - Notibras<\/title>\n<meta name=\"robots\" content=\"index, follow, max-snippet:-1, max-image-preview:large, max-video-preview:-1\" \/>\n<link rel=\"canonical\" href=\"https:\/\/www.notibras.com\/site\/pt-reage-a-criticas-de-marta-e-ve-pretexto-para-deixar-o-partido\/\" \/>\n<meta property=\"og:locale\" content=\"pt_BR\" \/>\n<meta property=\"og:type\" content=\"article\" \/>\n<meta property=\"og:title\" content=\"PT reage a cr\u00edticas de Marta e v\u00ea pretexto para ela deixar o partido - Notibras\" \/>\n<meta property=\"og:description\" content=\"Petistas e integrantes do governo Dilma Rousseff consideram que Marta Suplicy (SP), ao atacar seu pr\u00f3prio partido, busca \u201ccriar um fato\u201d para \u201ctentar legitimar\u201d sua sa\u00edda da sigla, de acordo com informa\u00e7\u00f5es publicadas pela Folha de S. Paulo. Em entrevista ao jornal \u201cO Estado de S. Paulo\u201d, Marta disse que \u201cou o PT muda ou [&hellip;]\" \/>\n<meta property=\"og:url\" content=\"https:\/\/www.notibras.com\/site\/pt-reage-a-criticas-de-marta-e-ve-pretexto-para-deixar-o-partido\/\" \/>\n<meta property=\"og:site_name\" content=\"Notibras\" \/>\n<meta property=\"article:publisher\" content=\"https:\/\/www.facebook.com\/notibras\/\" \/>\n<meta property=\"article:published_time\" content=\"2015-01-12T12:00:41+00:00\" \/>\n<meta property=\"article:modified_time\" content=\"2015-01-12T20:41:05+00:00\" \/>\n<meta property=\"og:image\" content=\"https:\/\/www.notibras.com\/site\/wp-content\/uploads\/2015\/01\/martasuplicymatsu.jpg\" \/>\n\t<meta property=\"og:image:width\" content=\"460\" \/>\n\t<meta property=\"og:image:height\" content=\"340\" \/>\n\t<meta property=\"og:image:type\" content=\"image\/jpeg\" \/>\n<meta name=\"author\" content=\"Reda\u00e7\u00e3o\" \/>\n<meta name=\"twitter:card\" content=\"summary_large_image\" \/>\n<meta name=\"twitter:creator\" content=\"@Notibras\" \/>\n<meta name=\"twitter:site\" content=\"@Notibras\" \/>\n<meta name=\"twitter:label1\" content=\"Escrito por\" \/>\n\t<meta name=\"twitter:data1\" content=\"Reda\u00e7\u00e3o\" \/>\n\t<meta name=\"twitter:label2\" content=\"Est. tempo de leitura\" \/>\n\t<meta name=\"twitter:data2\" content=\"1 minuto\" \/>\n<script type=\"application\/ld+json\" class=\"yoast-schema-graph\">{\"@context\":\"https:\/\/schema.org\",\"@graph\":[{\"@type\":\"Article\",\"@id\":\"https:\/\/www.notibras.com\/site\/pt-reage-a-criticas-de-marta-e-ve-pretexto-para-deixar-o-partido\/#article\",\"isPartOf\":{\"@id\":\"https:\/\/www.notibras.com\/site\/pt-reage-a-criticas-de-marta-e-ve-pretexto-para-deixar-o-partido\/\"},\"author\":{\"name\":\"Reda\u00e7\u00e3o\",\"@id\":\"https:\/\/www.notibras.com\/site\/#\/schema\/person\/36ab0979449956132d3e5b517ea76ac8\"},\"headline\":\"PT reage a cr\u00edticas de Marta e v\u00ea pretexto para ela deixar o partido\",\"datePublished\":\"2015-01-12T12:00:41+00:00\",\"dateModified\":\"2015-01-12T20:41:05+00:00\",\"mainEntityOfPage\":{\"@id\":\"https:\/\/www.notibras.com\/site\/pt-reage-a-criticas-de-marta-e-ve-pretexto-para-deixar-o-partido\/\"},\"wordCount\":254,\"commentCount\":0,\"publisher\":{\"@id\":\"https:\/\/www.notibras.com\/site\/#organization\"},\"image\":{\"@id\":\"https:\/\/www.notibras.com\/site\/pt-reage-a-criticas-de-marta-e-ve-pretexto-para-deixar-o-partido\/#primaryimage\"},\"thumbnailUrl\":\"https:\/\/www.notibras.com\/site\/wp-content\/uploads\/2015\/01\/martasuplicymatsu.jpg\",\"articleSection\":[\"Brasil\"],\"inLanguage\":\"pt-BR\",\"potentialAction\":[{\"@type\":\"CommentAction\",\"name\":\"Comment\",\"target\":[\"https:\/\/www.notibras.com\/site\/pt-reage-a-criticas-de-marta-e-ve-pretexto-para-deixar-o-partido\/#respond\"]}]},{\"@type\":\"WebPage\",\"@id\":\"https:\/\/www.notibras.com\/site\/pt-reage-a-criticas-de-marta-e-ve-pretexto-para-deixar-o-partido\/\",\"url\":\"https:\/\/www.notibras.com\/site\/pt-reage-a-criticas-de-marta-e-ve-pretexto-para-deixar-o-partido\/\",\"name\":\"PT reage a cr\u00edticas de Marta e v\u00ea pretexto para ela deixar o partido - Notibras\",\"isPartOf\":{\"@id\":\"https:\/\/www.notibras.com\/site\/#website\"},\"primaryImageOfPage\":{\"@id\":\"https:\/\/www.notibras.com\/site\/pt-reage-a-criticas-de-marta-e-ve-pretexto-para-deixar-o-partido\/#primaryimage\"},\"image\":{\"@id\":\"https:\/\/www.notibras.com\/site\/pt-reage-a-criticas-de-marta-e-ve-pretexto-para-deixar-o-partido\/#primaryimage\"},\"thumbnailUrl\":\"https:\/\/www.notibras.com\/site\/wp-content\/uploads\/2015\/01\/martasuplicymatsu.jpg\",\"datePublished\":\"2015-01-12T12:00:41+00:00\",\"dateModified\":\"2015-01-12T20:41:05+00:00\",\"breadcrumb\":{\"@id\":\"https:\/\/www.notibras.com\/site\/pt-reage-a-criticas-de-marta-e-ve-pretexto-para-deixar-o-partido\/#breadcrumb\"},\"inLanguage\":\"pt-BR\",\"potentialAction\":[{\"@type\":\"ReadAction\",\"target\":[\"https:\/\/www.notibras.com\/site\/pt-reage-a-criticas-de-marta-e-ve-pretexto-para-deixar-o-partido\/\"]}]},{\"@type\":\"ImageObject\",\"inLanguage\":\"pt-BR\",\"@id\":\"https:\/\/www.notibras.com\/site\/pt-reage-a-criticas-de-marta-e-ve-pretexto-para-deixar-o-partido\/#primaryimage\",\"url\":\"https:\/\/www.notibras.com\/site\/wp-content\/uploads\/2015\/01\/martasuplicymatsu.jpg\",\"contentUrl\":\"https:\/\/www.notibras.com\/site\/wp-content\/uploads\/2015\/01\/martasuplicymatsu.jpg\",\"width\":460,\"height\":340},{\"@type\":\"BreadcrumbList\",\"@id\":\"https:\/\/www.notibras.com\/site\/pt-reage-a-criticas-de-marta-e-ve-pretexto-para-deixar-o-partido\/#breadcrumb\",\"itemListElement\":[{\"@type\":\"ListItem\",\"position\":1,\"name\":\"In\u00edcio\",\"item\":\"https:\/\/www.notibras.com\/site\/\"},{\"@type\":\"ListItem\",\"position\":2,\"name\":\"PT reage a cr\u00edticas de Marta e v\u00ea pretexto para ela deixar o partido\"}]},{\"@type\":\"WebSite\",\"@id\":\"https:\/\/www.notibras.com\/site\/#website\",\"url\":\"https:\/\/www.notibras.com\/site\/\",\"name\":\"Notibras\",\"description\":\"Not\u00edcias de Bras\u00edlia, do Brasil e do Mundo\",\"publisher\":{\"@id\":\"https:\/\/www.notibras.com\/site\/#organization\"},\"potentialAction\":[{\"@type\":\"SearchAction\",\"target\":{\"@type\":\"EntryPoint\",\"urlTemplate\":\"https:\/\/www.notibras.com\/site\/?s={search_term_string}\"},\"query-input\":{\"@type\":\"PropertyValueSpecification\",\"valueRequired\":true,\"valueName\":\"search_term_string\"}}],\"inLanguage\":\"pt-BR\"},{\"@type\":\"Organization\",\"@id\":\"https:\/\/www.notibras.com\/site\/#organization\",\"name\":\"Grupo Notibras de Comunica\u00e7\u00e3o\",\"url\":\"https:\/\/www.notibras.com\/site\/\",\"logo\":{\"@type\":\"ImageObject\",\"inLanguage\":\"pt-BR\",\"@id\":\"https:\/\/www.notibras.com\/site\/#\/schema\/logo\/image\/\",\"url\":\"https:\/\/www.notibras.com\/site\/wp-content\/uploads\/2023\/01\/notibras23.png\",\"contentUrl\":\"https:\/\/www.notibras.com\/site\/wp-content\/uploads\/2023\/01\/notibras23.png\",\"width\":350,\"height\":87,\"caption\":\"Grupo Notibras de Comunica\u00e7\u00e3o\"},\"image\":{\"@id\":\"https:\/\/www.notibras.com\/site\/#\/schema\/logo\/image\/\"},\"sameAs\":[\"https:\/\/www.facebook.com\/notibras\/\",\"https:\/\/x.com\/Notibras\",\"https:\/\/www.instagram.com\/notibras\/\"]},{\"@type\":\"Person\",\"@id\":\"https:\/\/www.notibras.com\/site\/#\/schema\/person\/36ab0979449956132d3e5b517ea76ac8\",\"name\":\"Reda\u00e7\u00e3o\",\"image\":{\"@type\":\"ImageObject\",\"inLanguage\":\"pt-BR\",\"@id\":\"https:\/\/secure.gravatar.com\/avatar\/e0a867bdedb85fd243eadf09663511f96fc81e0720a4a42581f334ad4303aa6b?s=96&d=mm&r=g\",\"url\":\"https:\/\/secure.gravatar.com\/avatar\/e0a867bdedb85fd243eadf09663511f96fc81e0720a4a42581f334ad4303aa6b?s=96&d=mm&r=g\",\"contentUrl\":\"https:\/\/secure.gravatar.com\/avatar\/e0a867bdedb85fd243eadf09663511f96fc81e0720a4a42581f334ad4303aa6b?s=96&d=mm&r=g\",\"caption\":\"Reda\u00e7\u00e3o\"}}]}<\/script>\n<!-- \/ Yoast SEO plugin. -->","yoast_head_json":{"title":"PT reage a cr\u00edticas de Marta e v\u00ea pretexto para ela deixar o partido - Notibras","robots":{"index":"index","follow":"follow","max-snippet":"max-snippet:-1","max-image-preview":"max-image-preview:large","max-video-preview":"max-video-preview:-1"},"canonical":"https:\/\/www.notibras.com\/site\/pt-reage-a-criticas-de-marta-e-ve-pretexto-para-deixar-o-partido\/","og_locale":"pt_BR","og_type":"article","og_title":"PT reage a cr\u00edticas de Marta e v\u00ea pretexto para ela deixar o partido - Notibras","og_description":"Petistas e integrantes do governo Dilma Rousseff consideram que Marta Suplicy (SP), ao atacar seu pr\u00f3prio partido, busca \u201ccriar um fato\u201d para \u201ctentar legitimar\u201d sua sa\u00edda da sigla, de acordo com informa\u00e7\u00f5es publicadas pela Folha de S. Paulo. Em entrevista ao jornal \u201cO Estado de S. Paulo\u201d, Marta disse que \u201cou o PT muda ou [&hellip;]","og_url":"https:\/\/www.notibras.com\/site\/pt-reage-a-criticas-de-marta-e-ve-pretexto-para-deixar-o-partido\/","og_site_name":"Notibras","article_publisher":"https:\/\/www.facebook.com\/notibras\/","article_published_time":"2015-01-12T12:00:41+00:00","article_modified_time":"2015-01-12T20:41:05+00:00","og_image":[{"width":460,"height":340,"url":"https:\/\/www.notibras.com\/site\/wp-content\/uploads\/2015\/01\/martasuplicymatsu.jpg","type":"image\/jpeg"}],"author":"Reda\u00e7\u00e3o","twitter_card":"summary_large_image","twitter_creator":"@Notibras","twitter_site":"@Notibras","twitter_misc":{"Escrito por":"Reda\u00e7\u00e3o","Est. tempo de leitura":"1 minuto"},"schema":{"@context":"https:\/\/schema.org","@graph":[{"@type":"Article","@id":"https:\/\/www.notibras.com\/site\/pt-reage-a-criticas-de-marta-e-ve-pretexto-para-deixar-o-partido\/#article","isPartOf":{"@id":"https:\/\/www.notibras.com\/site\/pt-reage-a-criticas-de-marta-e-ve-pretexto-para-deixar-o-partido\/"},"author":{"name":"Reda\u00e7\u00e3o","@id":"https:\/\/www.notibras.com\/site\/#\/schema\/person\/36ab0979449956132d3e5b517ea76ac8"},"headline":"PT reage a cr\u00edticas de Marta e v\u00ea pretexto para ela deixar o partido","datePublished":"2015-01-12T12:00:41+00:00","dateModified":"2015-01-12T20:41:05+00:00","mainEntityOfPage":{"@id":"https:\/\/www.notibras.com\/site\/pt-reage-a-criticas-de-marta-e-ve-pretexto-para-deixar-o-partido\/"},"wordCount":254,"commentCount":0,"publisher":{"@id":"https:\/\/www.notibras.com\/site\/#organization"},"image":{"@id":"https:\/\/www.notibras.com\/site\/pt-reage-a-criticas-de-marta-e-ve-pretexto-para-deixar-o-partido\/#primaryimage"},"thumbnailUrl":"https:\/\/www.notibras.com\/site\/wp-content\/uploads\/2015\/01\/martasuplicymatsu.jpg","articleSection":["Brasil"],"inLanguage":"pt-BR","potentialAction":[{"@type":"CommentAction","name":"Comment","target":["https:\/\/www.notibras.com\/site\/pt-reage-a-criticas-de-marta-e-ve-pretexto-para-deixar-o-partido\/#respond"]}]},{"@type":"WebPage","@id":"https:\/\/www.notibras.com\/site\/pt-reage-a-criticas-de-marta-e-ve-pretexto-para-deixar-o-partido\/","url":"https:\/\/www.notibras.com\/site\/pt-reage-a-criticas-de-marta-e-ve-pretexto-para-deixar-o-partido\/","name":"PT reage a cr\u00edticas de Marta e v\u00ea pretexto para ela deixar o partido - Notibras","isPartOf":{"@id":"https:\/\/www.notibras.com\/site\/#website"},"primaryImageOfPage":{"@id":"https:\/\/www.notibras.com\/site\/pt-reage-a-criticas-de-marta-e-ve-pretexto-para-deixar-o-partido\/#primaryimage"},"image":{"@id":"https:\/\/www.notibras.com\/site\/pt-reage-a-criticas-de-marta-e-ve-pretexto-para-deixar-o-partido\/#primaryimage"},"thumbnailUrl":"https:\/\/www.notibras.com\/site\/wp-content\/uploads\/2015\/01\/martasuplicymatsu.jpg","datePublished":"2015-01-12T12:00:41+00:00","dateModified":"2015-01-12T20:41:05+00:00","breadcrumb":{"@id":"https:\/\/www.notibras.com\/site\/pt-reage-a-criticas-de-marta-e-ve-pretexto-para-deixar-o-partido\/#breadcrumb"},"inLanguage":"pt-BR","potentialAction":[{"@type":"ReadAction","target":["https:\/\/www.notibras.com\/site\/pt-reage-a-criticas-de-marta-e-ve-pretexto-para-deixar-o-partido\/"]}]},{"@type":"ImageObject","inLanguage":"pt-BR","@id":"https:\/\/www.notibras.com\/site\/pt-reage-a-criticas-de-marta-e-ve-pretexto-para-deixar-o-partido\/#primaryimage","url":"https:\/\/www.notibras.com\/site\/wp-content\/uploads\/2015\/01\/martasuplicymatsu.jpg","contentUrl":"https:\/\/www.notibras.com\/site\/wp-content\/uploads\/2015\/01\/martasuplicymatsu.jpg","width":460,"height":340},{"@type":"BreadcrumbList","@id":"https:\/\/www.notibras.com\/site\/pt-reage-a-criticas-de-marta-e-ve-pretexto-para-deixar-o-partido\/#breadcrumb","itemListElement":[{"@type":"ListItem","position":1,"name":"In\u00edcio","item":"https:\/\/www.notibras.com\/site\/"},{"@type":"ListItem","position":2,"name":"PT reage a cr\u00edticas de Marta e v\u00ea pretexto para ela deixar o partido"}]},{"@type":"WebSite","@id":"https:\/\/www.notibras.com\/site\/#website","url":"https:\/\/www.notibras.com\/site\/","name":"Notibras","description":"Not\u00edcias de Bras\u00edlia, do Brasil e do Mundo","publisher":{"@id":"https:\/\/www.notibras.com\/site\/#organization"},"potentialAction":[{"@type":"SearchAction","target":{"@type":"EntryPoint","urlTemplate":"https:\/\/www.notibras.com\/site\/?s={search_term_string}"},"query-input":{"@type":"PropertyValueSpecification","valueRequired":true,"valueName":"search_term_string"}}],"inLanguage":"pt-BR"},{"@type":"Organization","@id":"https:\/\/www.notibras.com\/site\/#organization","name":"Grupo Notibras de Comunica\u00e7\u00e3o","url":"https:\/\/www.notibras.com\/site\/","logo":{"@type":"ImageObject","inLanguage":"pt-BR","@id":"https:\/\/www.notibras.com\/site\/#\/schema\/logo\/image\/","url":"https:\/\/www.notibras.com\/site\/wp-content\/uploads\/2023\/01\/notibras23.png","contentUrl":"https:\/\/www.notibras.com\/site\/wp-content\/uploads\/2023\/01\/notibras23.png","width":350,"height":87,"caption":"Grupo Notibras de Comunica\u00e7\u00e3o"},"image":{"@id":"https:\/\/www.notibras.com\/site\/#\/schema\/logo\/image\/"},"sameAs":["https:\/\/www.facebook.com\/notibras\/","https:\/\/x.com\/Notibras","https:\/\/www.instagram.com\/notibras\/"]},{"@type":"Person","@id":"https:\/\/www.notibras.com\/site\/#\/schema\/person\/36ab0979449956132d3e5b517ea76ac8","name":"Reda\u00e7\u00e3o","image":{"@type":"ImageObject","inLanguage":"pt-BR","@id":"https:\/\/secure.gravatar.com\/avatar\/e0a867bdedb85fd243eadf09663511f96fc81e0720a4a42581f334ad4303aa6b?s=96&d=mm&r=g","url":"https:\/\/secure.gravatar.com\/avatar\/e0a867bdedb85fd243eadf09663511f96fc81e0720a4a42581f334ad4303aa6b?s=96&d=mm&r=g","contentUrl":"https:\/\/secure.gravatar.com\/avatar\/e0a867bdedb85fd243eadf09663511f96fc81e0720a4a42581f334ad4303aa6b?s=96&d=mm&r=g","caption":"Reda\u00e7\u00e3o"}}]}},"amp_enabled":true,"_links":{"self":[{"href":"https:\/\/www.notibras.com\/site\/wp-json\/wp\/v2\/posts\/33750","targetHints":{"allow":["GET"]}}],"collection":[{"href":"https:\/\/www.notibras.com\/site\/wp-json\/wp\/v2\/posts"}],"about":[{"href":"https:\/\/www.notibras.com\/site\/wp-json\/wp\/v2\/types\/post"}],"author":[{"embeddable":true,"href":"https:\/\/www.notibras.com\/site\/wp-json\/wp\/v2\/users\/2"}],"replies":[{"embeddable":true,"href":"https:\/\/www.notibras.com\/site\/wp-json\/wp\/v2\/comments?post=33750"}],"version-history":[{"count":0,"href":"https:\/\/www.notibras.com\/site\/wp-json\/wp\/v2\/posts\/33750\/revisions"}],"wp:featuredmedia":[{"embeddable":true,"href":"https:\/\/www.notibras.com\/site\/wp-json\/wp\/v2\/media\/33751"}],"wp:attachment":[{"href":"https:\/\/www.notibras.com\/site\/wp-json\/wp\/v2\/media?parent=33750"}],"wp:term":[{"taxonomy":"category","embeddable":true,"href":"https:\/\/www.notibras.com\/site\/wp-json\/wp\/v2\/categories?post=33750"},{"taxonomy":"post_tag","embeddable":true,"href":"https:\/\/www.notibras.com\/site\/wp-json\/wp\/v2\/tags?post=33750"}],"curies":[{"name":"wp","href":"https:\/\/api.w.org\/{rel}","templated":true}]}}