{"id":33754,"date":"2015-01-12T09:06:43","date_gmt":"2015-01-12T12:06:43","guid":{"rendered":"http:\/\/www.notibras.com\/site\/?p=33754"},"modified":"2015-01-12T09:17:03","modified_gmt":"2015-01-12T12:17:03","slug":"incendio-destroi-area-do-parque-da-pedra-branca-no-rio","status":"publish","type":"post","link":"https:\/\/www.notibras.com\/site\/incendio-destroi-area-do-parque-da-pedra-branca-no-rio\/","title":{"rendered":"Inc\u00eandio destr\u00f3i \u00e1rea do Parque da Pedra Branca"},"content":{"rendered":"<div class=\"content\">\n<p>Um inc\u00eandio atingiu o Parque Estadual da Pedra Branca, na zona oeste da cidade do Rio de Janeiro. Segundo a assessoria de imprensa do Instituto Estadual do Ambiente (Inea), o fogo come\u00e7ou entre o final da tarde e o in\u00edcio da noite de ontem (11), no setor pr\u00f3ximo ao Bairro de Bangu, mas j\u00e1 foi contido pelo Corpo de Bombeiros.<\/p>\n<p>Os bombeiros e guardas-parque est\u00e3o fazendo um trabalho de rescaldo, para evitar que o fogo se alastre novamente. \u201cA gente n\u00e3o tem ainda no\u00e7\u00e3o da \u00e1rea queimada. Como a gente n\u00e3o est\u00e1 tendo problema de bal\u00e3o nessa \u00e9poca, ent\u00e3o ou ele foi provocado por um fogo ateado por algu\u00e9m, por queima de lixo ou por alguma pastagem fora do parque\u201d, disse o chefe da unidade, Alexandre Pedroso.<\/p>\n<blockquote><p>O Parque Estadual da Pedra Branca \u00e9 a maior reserva florestal da cidade do Rio de Janeiro, com 12,4 mil hectares, mais do que o triplo do Parque Nacional da Tijuca, e considerada o maior parque florestal urbano do mundo.<\/p><\/blockquote>\n<header>\n<div class=\"node-info\"><strong>Vitor Abdala, ABr<\/strong><strong><br \/>\n<\/strong><\/div>\n<\/header>\n<\/div>\n","protected":false},"excerpt":{"rendered":"<p>Um inc\u00eandio atingiu o Parque Estadual da Pedra Branca, na zona oeste da cidade do Rio de Janeiro. Segundo a assessoria de imprensa do Instituto Estadual do Ambiente (Inea), o fogo come\u00e7ou entre o final da tarde e o in\u00edcio da noite de ontem (11), no setor pr\u00f3ximo ao Bairro de Bangu, mas j\u00e1 foi [&hellip;]<\/p>\n","protected":false},"author":2,"featured_media":33755,"comment_status":"open","ping_status":"closed","sticky":false,"template":"","format":"standard","meta":{"_acf_changed":false,"footnotes":""},"categories":[16],"tags":[],"class_list":["post-33754","post","type-post","status-publish","format-standard","has-post-thumbnail","hentry","category-brasil"],"acf":[],"yoast_head":"<!-- This site is optimized with the Yoast SEO plugin v27.2 - https:\/\/yoast.com\/product\/yoast-seo-wordpress\/ -->\n<title>Inc\u00eandio destr\u00f3i \u00e1rea do Parque da Pedra Branca - Notibras<\/title>\n<meta name=\"robots\" content=\"index, follow, max-snippet:-1, max-image-preview:large, max-video-preview:-1\" \/>\n<link rel=\"canonical\" href=\"https:\/\/www.notibras.com\/site\/incendio-destroi-area-do-parque-da-pedra-branca-no-rio\/\" \/>\n<meta property=\"og:locale\" content=\"pt_BR\" \/>\n<meta property=\"og:type\" content=\"article\" \/>\n<meta property=\"og:title\" content=\"Inc\u00eandio destr\u00f3i \u00e1rea do Parque da Pedra Branca - Notibras\" \/>\n<meta property=\"og:description\" content=\"Um inc\u00eandio atingiu o Parque Estadual da Pedra Branca, na zona oeste da cidade do Rio de Janeiro. Segundo a assessoria de imprensa do Instituto Estadual do Ambiente (Inea), o fogo come\u00e7ou entre o final da tarde e o in\u00edcio da noite de ontem (11), no setor pr\u00f3ximo ao Bairro de Bangu, mas j\u00e1 foi [&hellip;]\" \/>\n<meta property=\"og:url\" content=\"https:\/\/www.notibras.com\/site\/incendio-destroi-area-do-parque-da-pedra-branca-no-rio\/\" \/>\n<meta property=\"og:site_name\" content=\"Notibras\" \/>\n<meta property=\"article:publisher\" content=\"https:\/\/www.facebook.com\/notibras\/\" \/>\n<meta property=\"article:published_time\" content=\"2015-01-12T12:06:43+00:00\" \/>\n<meta property=\"article:modified_time\" content=\"2015-01-12T12:17:03+00:00\" \/>\n<meta property=\"og:image\" content=\"https:\/\/www.notibras.com\/site\/wp-content\/uploads\/2015\/01\/Equipe-da-REBIO-Araras-combate-inc\u00eandio.jpg\" \/>\n\t<meta property=\"og:image:width\" content=\"960\" \/>\n\t<meta property=\"og:image:height\" content=\"720\" \/>\n\t<meta property=\"og:image:type\" content=\"image\/jpeg\" \/>\n<meta name=\"author\" content=\"Reda\u00e7\u00e3o\" \/>\n<meta name=\"twitter:card\" content=\"summary_large_image\" \/>\n<meta name=\"twitter:creator\" content=\"@Notibras\" \/>\n<meta name=\"twitter:site\" content=\"@Notibras\" \/>\n<meta name=\"twitter:label1\" content=\"Escrito por\" \/>\n\t<meta name=\"twitter:data1\" content=\"Reda\u00e7\u00e3o\" \/>\n\t<meta name=\"twitter:label2\" content=\"Est. tempo de leitura\" \/>\n\t<meta name=\"twitter:data2\" content=\"1 minuto\" \/>\n<script type=\"application\/ld+json\" class=\"yoast-schema-graph\">{\"@context\":\"https:\/\/schema.org\",\"@graph\":[{\"@type\":\"Article\",\"@id\":\"https:\/\/www.notibras.com\/site\/incendio-destroi-area-do-parque-da-pedra-branca-no-rio\/#article\",\"isPartOf\":{\"@id\":\"https:\/\/www.notibras.com\/site\/incendio-destroi-area-do-parque-da-pedra-branca-no-rio\/\"},\"author\":{\"name\":\"Reda\u00e7\u00e3o\",\"@id\":\"https:\/\/www.notibras.com\/site\/#\/schema\/person\/36ab0979449956132d3e5b517ea76ac8\"},\"headline\":\"Inc\u00eandio destr\u00f3i \u00e1rea do Parque da Pedra Branca\",\"datePublished\":\"2015-01-12T12:06:43+00:00\",\"dateModified\":\"2015-01-12T12:17:03+00:00\",\"mainEntityOfPage\":{\"@id\":\"https:\/\/www.notibras.com\/site\/incendio-destroi-area-do-parque-da-pedra-branca-no-rio\/\"},\"wordCount\":188,\"commentCount\":0,\"publisher\":{\"@id\":\"https:\/\/www.notibras.com\/site\/#organization\"},\"image\":{\"@id\":\"https:\/\/www.notibras.com\/site\/incendio-destroi-area-do-parque-da-pedra-branca-no-rio\/#primaryimage\"},\"thumbnailUrl\":\"https:\/\/www.notibras.com\/site\/wp-content\/uploads\/2015\/01\/Equipe-da-REBIO-Araras-combate-inc\u00eandio.jpg\",\"articleSection\":[\"Brasil\"],\"inLanguage\":\"pt-BR\",\"potentialAction\":[{\"@type\":\"CommentAction\",\"name\":\"Comment\",\"target\":[\"https:\/\/www.notibras.com\/site\/incendio-destroi-area-do-parque-da-pedra-branca-no-rio\/#respond\"]}]},{\"@type\":\"WebPage\",\"@id\":\"https:\/\/www.notibras.com\/site\/incendio-destroi-area-do-parque-da-pedra-branca-no-rio\/\",\"url\":\"https:\/\/www.notibras.com\/site\/incendio-destroi-area-do-parque-da-pedra-branca-no-rio\/\",\"name\":\"Inc\u00eandio destr\u00f3i \u00e1rea do Parque da Pedra Branca - Notibras\",\"isPartOf\":{\"@id\":\"https:\/\/www.notibras.com\/site\/#website\"},\"primaryImageOfPage\":{\"@id\":\"https:\/\/www.notibras.com\/site\/incendio-destroi-area-do-parque-da-pedra-branca-no-rio\/#primaryimage\"},\"image\":{\"@id\":\"https:\/\/www.notibras.com\/site\/incendio-destroi-area-do-parque-da-pedra-branca-no-rio\/#primaryimage\"},\"thumbnailUrl\":\"https:\/\/www.notibras.com\/site\/wp-content\/uploads\/2015\/01\/Equipe-da-REBIO-Araras-combate-inc\u00eandio.jpg\",\"datePublished\":\"2015-01-12T12:06:43+00:00\",\"dateModified\":\"2015-01-12T12:17:03+00:00\",\"breadcrumb\":{\"@id\":\"https:\/\/www.notibras.com\/site\/incendio-destroi-area-do-parque-da-pedra-branca-no-rio\/#breadcrumb\"},\"inLanguage\":\"pt-BR\",\"potentialAction\":[{\"@type\":\"ReadAction\",\"target\":[\"https:\/\/www.notibras.com\/site\/incendio-destroi-area-do-parque-da-pedra-branca-no-rio\/\"]}]},{\"@type\":\"ImageObject\",\"inLanguage\":\"pt-BR\",\"@id\":\"https:\/\/www.notibras.com\/site\/incendio-destroi-area-do-parque-da-pedra-branca-no-rio\/#primaryimage\",\"url\":\"https:\/\/www.notibras.com\/site\/wp-content\/uploads\/2015\/01\/Equipe-da-REBIO-Araras-combate-inc\u00eandio.jpg\",\"contentUrl\":\"https:\/\/www.notibras.com\/site\/wp-content\/uploads\/2015\/01\/Equipe-da-REBIO-Araras-combate-inc\u00eandio.jpg\",\"width\":960,\"height\":720},{\"@type\":\"BreadcrumbList\",\"@id\":\"https:\/\/www.notibras.com\/site\/incendio-destroi-area-do-parque-da-pedra-branca-no-rio\/#breadcrumb\",\"itemListElement\":[{\"@type\":\"ListItem\",\"position\":1,\"name\":\"In\u00edcio\",\"item\":\"https:\/\/www.notibras.com\/site\/\"},{\"@type\":\"ListItem\",\"position\":2,\"name\":\"Inc\u00eandio destr\u00f3i \u00e1rea do Parque da Pedra Branca\"}]},{\"@type\":\"WebSite\",\"@id\":\"https:\/\/www.notibras.com\/site\/#website\",\"url\":\"https:\/\/www.notibras.com\/site\/\",\"name\":\"Notibras\",\"description\":\"Not\u00edcias de Bras\u00edlia, do Brasil e do Mundo\",\"publisher\":{\"@id\":\"https:\/\/www.notibras.com\/site\/#organization\"},\"potentialAction\":[{\"@type\":\"SearchAction\",\"target\":{\"@type\":\"EntryPoint\",\"urlTemplate\":\"https:\/\/www.notibras.com\/site\/?s={search_term_string}\"},\"query-input\":{\"@type\":\"PropertyValueSpecification\",\"valueRequired\":true,\"valueName\":\"search_term_string\"}}],\"inLanguage\":\"pt-BR\"},{\"@type\":\"Organization\",\"@id\":\"https:\/\/www.notibras.com\/site\/#organization\",\"name\":\"Grupo Notibras de Comunica\u00e7\u00e3o\",\"url\":\"https:\/\/www.notibras.com\/site\/\",\"logo\":{\"@type\":\"ImageObject\",\"inLanguage\":\"pt-BR\",\"@id\":\"https:\/\/www.notibras.com\/site\/#\/schema\/logo\/image\/\",\"url\":\"https:\/\/www.notibras.com\/site\/wp-content\/uploads\/2023\/01\/notibras23.png\",\"contentUrl\":\"https:\/\/www.notibras.com\/site\/wp-content\/uploads\/2023\/01\/notibras23.png\",\"width\":350,\"height\":87,\"caption\":\"Grupo Notibras de Comunica\u00e7\u00e3o\"},\"image\":{\"@id\":\"https:\/\/www.notibras.com\/site\/#\/schema\/logo\/image\/\"},\"sameAs\":[\"https:\/\/www.facebook.com\/notibras\/\",\"https:\/\/x.com\/Notibras\",\"https:\/\/www.instagram.com\/notibras\/\"]},{\"@type\":\"Person\",\"@id\":\"https:\/\/www.notibras.com\/site\/#\/schema\/person\/36ab0979449956132d3e5b517ea76ac8\",\"name\":\"Reda\u00e7\u00e3o\",\"image\":{\"@type\":\"ImageObject\",\"inLanguage\":\"pt-BR\",\"@id\":\"https:\/\/secure.gravatar.com\/avatar\/e0a867bdedb85fd243eadf09663511f96fc81e0720a4a42581f334ad4303aa6b?s=96&d=mm&r=g\",\"url\":\"https:\/\/secure.gravatar.com\/avatar\/e0a867bdedb85fd243eadf09663511f96fc81e0720a4a42581f334ad4303aa6b?s=96&d=mm&r=g\",\"contentUrl\":\"https:\/\/secure.gravatar.com\/avatar\/e0a867bdedb85fd243eadf09663511f96fc81e0720a4a42581f334ad4303aa6b?s=96&d=mm&r=g\",\"caption\":\"Reda\u00e7\u00e3o\"}}]}<\/script>\n<!-- \/ Yoast SEO plugin. -->","yoast_head_json":{"title":"Inc\u00eandio destr\u00f3i \u00e1rea do Parque da Pedra Branca - Notibras","robots":{"index":"index","follow":"follow","max-snippet":"max-snippet:-1","max-image-preview":"max-image-preview:large","max-video-preview":"max-video-preview:-1"},"canonical":"https:\/\/www.notibras.com\/site\/incendio-destroi-area-do-parque-da-pedra-branca-no-rio\/","og_locale":"pt_BR","og_type":"article","og_title":"Inc\u00eandio destr\u00f3i \u00e1rea do Parque da Pedra Branca - Notibras","og_description":"Um inc\u00eandio atingiu o Parque Estadual da Pedra Branca, na zona oeste da cidade do Rio de Janeiro. Segundo a assessoria de imprensa do Instituto Estadual do Ambiente (Inea), o fogo come\u00e7ou entre o final da tarde e o in\u00edcio da noite de ontem (11), no setor pr\u00f3ximo ao Bairro de Bangu, mas j\u00e1 foi [&hellip;]","og_url":"https:\/\/www.notibras.com\/site\/incendio-destroi-area-do-parque-da-pedra-branca-no-rio\/","og_site_name":"Notibras","article_publisher":"https:\/\/www.facebook.com\/notibras\/","article_published_time":"2015-01-12T12:06:43+00:00","article_modified_time":"2015-01-12T12:17:03+00:00","og_image":[{"width":960,"height":720,"url":"https:\/\/www.notibras.com\/site\/wp-content\/uploads\/2015\/01\/Equipe-da-REBIO-Araras-combate-inc\u00eandio.jpg","type":"image\/jpeg"}],"author":"Reda\u00e7\u00e3o","twitter_card":"summary_large_image","twitter_creator":"@Notibras","twitter_site":"@Notibras","twitter_misc":{"Escrito por":"Reda\u00e7\u00e3o","Est. tempo de leitura":"1 minuto"},"schema":{"@context":"https:\/\/schema.org","@graph":[{"@type":"Article","@id":"https:\/\/www.notibras.com\/site\/incendio-destroi-area-do-parque-da-pedra-branca-no-rio\/#article","isPartOf":{"@id":"https:\/\/www.notibras.com\/site\/incendio-destroi-area-do-parque-da-pedra-branca-no-rio\/"},"author":{"name":"Reda\u00e7\u00e3o","@id":"https:\/\/www.notibras.com\/site\/#\/schema\/person\/36ab0979449956132d3e5b517ea76ac8"},"headline":"Inc\u00eandio destr\u00f3i \u00e1rea do Parque da Pedra Branca","datePublished":"2015-01-12T12:06:43+00:00","dateModified":"2015-01-12T12:17:03+00:00","mainEntityOfPage":{"@id":"https:\/\/www.notibras.com\/site\/incendio-destroi-area-do-parque-da-pedra-branca-no-rio\/"},"wordCount":188,"commentCount":0,"publisher":{"@id":"https:\/\/www.notibras.com\/site\/#organization"},"image":{"@id":"https:\/\/www.notibras.com\/site\/incendio-destroi-area-do-parque-da-pedra-branca-no-rio\/#primaryimage"},"thumbnailUrl":"https:\/\/www.notibras.com\/site\/wp-content\/uploads\/2015\/01\/Equipe-da-REBIO-Araras-combate-inc\u00eandio.jpg","articleSection":["Brasil"],"inLanguage":"pt-BR","potentialAction":[{"@type":"CommentAction","name":"Comment","target":["https:\/\/www.notibras.com\/site\/incendio-destroi-area-do-parque-da-pedra-branca-no-rio\/#respond"]}]},{"@type":"WebPage","@id":"https:\/\/www.notibras.com\/site\/incendio-destroi-area-do-parque-da-pedra-branca-no-rio\/","url":"https:\/\/www.notibras.com\/site\/incendio-destroi-area-do-parque-da-pedra-branca-no-rio\/","name":"Inc\u00eandio destr\u00f3i \u00e1rea do Parque da Pedra Branca - Notibras","isPartOf":{"@id":"https:\/\/www.notibras.com\/site\/#website"},"primaryImageOfPage":{"@id":"https:\/\/www.notibras.com\/site\/incendio-destroi-area-do-parque-da-pedra-branca-no-rio\/#primaryimage"},"image":{"@id":"https:\/\/www.notibras.com\/site\/incendio-destroi-area-do-parque-da-pedra-branca-no-rio\/#primaryimage"},"thumbnailUrl":"https:\/\/www.notibras.com\/site\/wp-content\/uploads\/2015\/01\/Equipe-da-REBIO-Araras-combate-inc\u00eandio.jpg","datePublished":"2015-01-12T12:06:43+00:00","dateModified":"2015-01-12T12:17:03+00:00","breadcrumb":{"@id":"https:\/\/www.notibras.com\/site\/incendio-destroi-area-do-parque-da-pedra-branca-no-rio\/#breadcrumb"},"inLanguage":"pt-BR","potentialAction":[{"@type":"ReadAction","target":["https:\/\/www.notibras.com\/site\/incendio-destroi-area-do-parque-da-pedra-branca-no-rio\/"]}]},{"@type":"ImageObject","inLanguage":"pt-BR","@id":"https:\/\/www.notibras.com\/site\/incendio-destroi-area-do-parque-da-pedra-branca-no-rio\/#primaryimage","url":"https:\/\/www.notibras.com\/site\/wp-content\/uploads\/2015\/01\/Equipe-da-REBIO-Araras-combate-inc\u00eandio.jpg","contentUrl":"https:\/\/www.notibras.com\/site\/wp-content\/uploads\/2015\/01\/Equipe-da-REBIO-Araras-combate-inc\u00eandio.jpg","width":960,"height":720},{"@type":"BreadcrumbList","@id":"https:\/\/www.notibras.com\/site\/incendio-destroi-area-do-parque-da-pedra-branca-no-rio\/#breadcrumb","itemListElement":[{"@type":"ListItem","position":1,"name":"In\u00edcio","item":"https:\/\/www.notibras.com\/site\/"},{"@type":"ListItem","position":2,"name":"Inc\u00eandio destr\u00f3i \u00e1rea do Parque da Pedra Branca"}]},{"@type":"WebSite","@id":"https:\/\/www.notibras.com\/site\/#website","url":"https:\/\/www.notibras.com\/site\/","name":"Notibras","description":"Not\u00edcias de Bras\u00edlia, do Brasil e do Mundo","publisher":{"@id":"https:\/\/www.notibras.com\/site\/#organization"},"potentialAction":[{"@type":"SearchAction","target":{"@type":"EntryPoint","urlTemplate":"https:\/\/www.notibras.com\/site\/?s={search_term_string}"},"query-input":{"@type":"PropertyValueSpecification","valueRequired":true,"valueName":"search_term_string"}}],"inLanguage":"pt-BR"},{"@type":"Organization","@id":"https:\/\/www.notibras.com\/site\/#organization","name":"Grupo Notibras de Comunica\u00e7\u00e3o","url":"https:\/\/www.notibras.com\/site\/","logo":{"@type":"ImageObject","inLanguage":"pt-BR","@id":"https:\/\/www.notibras.com\/site\/#\/schema\/logo\/image\/","url":"https:\/\/www.notibras.com\/site\/wp-content\/uploads\/2023\/01\/notibras23.png","contentUrl":"https:\/\/www.notibras.com\/site\/wp-content\/uploads\/2023\/01\/notibras23.png","width":350,"height":87,"caption":"Grupo Notibras de Comunica\u00e7\u00e3o"},"image":{"@id":"https:\/\/www.notibras.com\/site\/#\/schema\/logo\/image\/"},"sameAs":["https:\/\/www.facebook.com\/notibras\/","https:\/\/x.com\/Notibras","https:\/\/www.instagram.com\/notibras\/"]},{"@type":"Person","@id":"https:\/\/www.notibras.com\/site\/#\/schema\/person\/36ab0979449956132d3e5b517ea76ac8","name":"Reda\u00e7\u00e3o","image":{"@type":"ImageObject","inLanguage":"pt-BR","@id":"https:\/\/secure.gravatar.com\/avatar\/e0a867bdedb85fd243eadf09663511f96fc81e0720a4a42581f334ad4303aa6b?s=96&d=mm&r=g","url":"https:\/\/secure.gravatar.com\/avatar\/e0a867bdedb85fd243eadf09663511f96fc81e0720a4a42581f334ad4303aa6b?s=96&d=mm&r=g","contentUrl":"https:\/\/secure.gravatar.com\/avatar\/e0a867bdedb85fd243eadf09663511f96fc81e0720a4a42581f334ad4303aa6b?s=96&d=mm&r=g","caption":"Reda\u00e7\u00e3o"}}]}},"amp_enabled":true,"_links":{"self":[{"href":"https:\/\/www.notibras.com\/site\/wp-json\/wp\/v2\/posts\/33754","targetHints":{"allow":["GET"]}}],"collection":[{"href":"https:\/\/www.notibras.com\/site\/wp-json\/wp\/v2\/posts"}],"about":[{"href":"https:\/\/www.notibras.com\/site\/wp-json\/wp\/v2\/types\/post"}],"author":[{"embeddable":true,"href":"https:\/\/www.notibras.com\/site\/wp-json\/wp\/v2\/users\/2"}],"replies":[{"embeddable":true,"href":"https:\/\/www.notibras.com\/site\/wp-json\/wp\/v2\/comments?post=33754"}],"version-history":[{"count":0,"href":"https:\/\/www.notibras.com\/site\/wp-json\/wp\/v2\/posts\/33754\/revisions"}],"wp:featuredmedia":[{"embeddable":true,"href":"https:\/\/www.notibras.com\/site\/wp-json\/wp\/v2\/media\/33755"}],"wp:attachment":[{"href":"https:\/\/www.notibras.com\/site\/wp-json\/wp\/v2\/media?parent=33754"}],"wp:term":[{"taxonomy":"category","embeddable":true,"href":"https:\/\/www.notibras.com\/site\/wp-json\/wp\/v2\/categories?post=33754"},{"taxonomy":"post_tag","embeddable":true,"href":"https:\/\/www.notibras.com\/site\/wp-json\/wp\/v2\/tags?post=33754"}],"curies":[{"name":"wp","href":"https:\/\/api.w.org\/{rel}","templated":true}]}}