{"id":337556,"date":"2024-09-29T08:33:20","date_gmt":"2024-09-29T11:33:20","guid":{"rendered":"https:\/\/www.notibras.com\/site\/?p=337556"},"modified":"2024-09-29T08:37:30","modified_gmt":"2024-09-29T11:37:30","slug":"zap-anuncia-o-dia-em-que-o-eduardo-martinez-morreu","status":"publish","type":"post","link":"https:\/\/www.notibras.com\/site\/zap-anuncia-o-dia-em-que-o-eduardo-martinez-morreu\/","title":{"rendered":"Zap anuncia o dia em que o Eduardo Mart\u00ednez morreu"},"content":{"rendered":"<p>Eis que estou preparando o caf\u00e9 da manh\u00e3 para a minha amada, a famosa Dona Irene, quando ou\u00e7o o som de mensagem chegando pelo WhatsApp. Normalmente, nem me dou ao trabalho de olhar o celular antes de terminar de fazer o p\u00e3o frito e o caf\u00e9 com leite da minha mulher, mas eis que ela me grita: &#8220;Edu, o Leandro mandou uma mensagem pra voc\u00ea!&#8221;<\/p>\n<p>Trata-se do professor de literatura Leandro Mendes, de Bras\u00edlia, que utiliza meus contos e cr\u00f4nicas nas aulas. Dessa vez, recebo um lindo desenho feito por um dos seus alunos, o Jo\u00e3o Victor. Obviamente que meu ego vai \u00e0s alturas, at\u00e9 que a minha esposa me grita de volta para a realidade: &#8220;Edu, tem que trocar a fralda da Malulinha!&#8221;<\/p>\n<p>Pois \u00e9, para quem pensa que vida de escritor \u00e9 cheia de glamour, digo que n\u00e3o \u00e9 bem assim. N\u00e3o que esteja reclamando, pois adoro a minha profiss\u00e3o, que me d\u00e1 oportunidade de conversar com leitores, seja atrav\u00e9s de mensagens virtuais, seja nas escolas que sou convidado, seja at\u00e9 mesmo na rua, quando algu\u00e9m me para: &#8220;Ei, voc\u00ea \u00e9 o Eduardo Mart\u00ednez?&#8221;<\/p>\n<p>Hoje, no entanto, quero falar de algo que aconteceu na \u00faltima quarta-feira, dia 25 de setembro de 2024. \u00c9 que nessa oportunidade tamb\u00e9m ouvi a doce voz da minha esposa: &#8220;Edu, chegou mensagem no seu celular. \u00c9 do Leandro!&#8221;<\/p>\n<p>E l\u00e1 fui olhar a mensagem do meu amigo. Era um \u00e1udio. Ele dizia que estava utilizando mais um dos meus textos em sala de aula. No entanto, o Leandro pediu para que seus alunos fizessem uma pesquisa na internet sobre mim. N\u00e3o demorou, os alunos falaram: &#8220;Professor, esse Eduardo morreu!&#8221;<\/p>\n<p>O Leandro tomou aquele susto e, em seguida, percebeu que os alunos haviam feito a pesquisa de forma equivocada. Os estudantes, depois, colocaram meu nome corretamente e, ent\u00e3o, descobriram um pouco sobre mim.<\/p>\n<p>Assim que terminei de ouvir o \u00e1udio do Leandro, comecei a gargalhar. A Dona Irene veio me perguntar se eu estava bem, quando coloquei a mensagem para ela ouvir. N\u00e3o tardou, l\u00e1 est\u00e1vamos n\u00f3s dois rindo juntos. Mas a coisa n\u00e3o parou por a\u00ed. \u00c9 que n\u00e3o resisti e mandei o \u00e1udio para alguns amigos, que me mandaram v\u00e1rias mensagens divertidas.<\/p>\n<p>&#8220;A internet matando o Eduardo Mart\u00ednez, olha s\u00f3.&#8221;<\/p>\n<p>&#8220;Ai, credo!!! Que man\u00e9 morreu! Gra\u00e7as a Deus vivinho da Silva e vendendo sa\u00fade. Que legal esse professor!&#8221;<\/p>\n<p>&#8220;\u00c9 porque te acharam do n\u00edvel do Machado de Assis. Pensaram: Autor bom assim n\u00e3o \u00e9 dos tempos atuais.&#8221;<\/p>\n<p>&#8220;Isso d\u00e1 uma boa hist\u00f3ria: o dia em que o Eduardo Mart\u00ednez morreu e viveu&#8230; Em uma bela quarta-feira tive a triste not\u00edcia do meu falecimento&#8230;&#8221;<\/p>\n<p>&#8220;Depois que o escritor morre \u00e9 que aparece o g\u00eanio e o bicho bomba muito.&#8221;<\/p>\n<p>Entre tantas mensagens, pensei que talvez devesse mudar meu nome para algo mais incomum. Entretanto, creio que fazer isso ap\u00f3s 20 anos de of\u00edcio n\u00e3o seria prudente. Ademais, quem mandou eu ter o mesmo nome de outros tantos? Sorte do poeta e escritor Daniel Marchi, que nasceu com o sobrenome mais raro.<\/p>\n<p>Como falei, a vida de escritor n\u00e3o \u00e9 a que algumas pessoas imaginam, que seja repleta de noites de aut\u00f3grafos, entrevistas, cr\u00edticas positivas vindas de toda parte. Tenho c\u00e1 algumas fraldas para trocar. Todavia, esses momentos inusitados me d\u00e3o a certeza de que vale a pena tanta dedica\u00e7\u00e3o.<\/p>\n<p><strong>*Eduardo Mart\u00ednez \u00e9 autor do livro \u201c57 Contos e Cr\u00f4nicas por um Autor muito Velho\u201d.<\/strong><\/p>\n<p>Compre aqui\u00a0<span class=\"x19la9d6 x1fc57z9 x6ikm8r x10wlt62 x19co3pv x1g5zs5t xfibh0p xiy17q3 x1xsqp64 x1lkfr7t xexx8yu x4uap5 x18d9i69 xkhd6sd\"><span class=\"xrtxmta x1bhl96m\"><img decoding=\"async\" class=\"emoji\" role=\"img\" draggable=\"false\" src=\"https:\/\/s.w.org\/images\/core\/emoji\/14.0.0\/svg\/1f447-1f3ff.svg\" alt=\"&#x1f447;&#x1f3ff;\" \/><\/span><\/span><span class=\"x19la9d6 x1fc57z9 x6ikm8r x10wlt62 x19co3pv x1g5zs5t xfibh0p xiy17q3 x1xsqp64 x1lkfr7t xexx8yu x4uap5 x18d9i69 xkhd6sd\"><span class=\"xrtxmta x1bhl96m\"><img decoding=\"async\" class=\"emoji\" role=\"img\" draggable=\"false\" src=\"https:\/\/s.w.org\/images\/core\/emoji\/14.0.0\/svg\/1f447-1f3ff.svg\" alt=\"&#x1f447;&#x1f3ff;\" \/><\/span><\/span><span class=\"x19la9d6 x1fc57z9 x6ikm8r x10wlt62 x19co3pv x1g5zs5t xfibh0p xiy17q3 x1xsqp64 x1lkfr7t xexx8yu x4uap5 x18d9i69 xkhd6sd\"><span class=\"xrtxmta x1bhl96m\"><img decoding=\"async\" class=\"emoji\" role=\"img\" draggable=\"false\" src=\"https:\/\/s.w.org\/images\/core\/emoji\/14.0.0\/svg\/1f447-1f3ff.svg\" alt=\"&#x1f447;&#x1f3ff;\" \/><\/span><\/span><\/p>\n<p><a href=\"http:\/\/www.joanineditora.com.br\/57-contos-e-cronicas-por-um-autor-muito-velho\">http:\/\/www.joanineditora.com.br\/57-contos-e-cronicas-por-um-autor-muito-velho<\/a><\/p>\n","protected":false},"excerpt":{"rendered":"<p>Eis que estou preparando o caf\u00e9 da manh\u00e3 para a minha amada, a famosa Dona Irene, quando ou\u00e7o o som de mensagem chegando pelo WhatsApp. Normalmente, nem me dou ao trabalho de olhar o celular antes de terminar de fazer o p\u00e3o frito e o caf\u00e9 com leite da minha mulher, mas eis que ela [&hellip;]<\/p>\n","protected":false},"author":2,"featured_media":337557,"comment_status":"closed","ping_status":"closed","sticky":false,"template":"","format":"standard","meta":{"_acf_changed":false,"footnotes":""},"categories":[161],"tags":[],"class_list":["post-337556","post","type-post","status-publish","format-standard","has-post-thumbnail","hentry","category-quadradinho-em-foco"],"acf":[],"_links":{"self":[{"href":"https:\/\/www.notibras.com\/site\/wp-json\/wp\/v2\/posts\/337556","targetHints":{"allow":["GET"]}}],"collection":[{"href":"https:\/\/www.notibras.com\/site\/wp-json\/wp\/v2\/posts"}],"about":[{"href":"https:\/\/www.notibras.com\/site\/wp-json\/wp\/v2\/types\/post"}],"author":[{"embeddable":true,"href":"https:\/\/www.notibras.com\/site\/wp-json\/wp\/v2\/users\/2"}],"replies":[{"embeddable":true,"href":"https:\/\/www.notibras.com\/site\/wp-json\/wp\/v2\/comments?post=337556"}],"version-history":[{"count":2,"href":"https:\/\/www.notibras.com\/site\/wp-json\/wp\/v2\/posts\/337556\/revisions"}],"predecessor-version":[{"id":337559,"href":"https:\/\/www.notibras.com\/site\/wp-json\/wp\/v2\/posts\/337556\/revisions\/337559"}],"wp:featuredmedia":[{"embeddable":true,"href":"https:\/\/www.notibras.com\/site\/wp-json\/wp\/v2\/media\/337557"}],"wp:attachment":[{"href":"https:\/\/www.notibras.com\/site\/wp-json\/wp\/v2\/media?parent=337556"}],"wp:term":[{"taxonomy":"category","embeddable":true,"href":"https:\/\/www.notibras.com\/site\/wp-json\/wp\/v2\/categories?post=337556"},{"taxonomy":"post_tag","embeddable":true,"href":"https:\/\/www.notibras.com\/site\/wp-json\/wp\/v2\/tags?post=337556"}],"curies":[{"name":"wp","href":"https:\/\/api.w.org\/{rel}","templated":true}]}}