{"id":337560,"date":"2024-09-29T00:00:39","date_gmt":"2024-09-29T03:00:39","guid":{"rendered":"https:\/\/www.notibras.com\/site\/?p=337560"},"modified":"2024-09-29T08:55:26","modified_gmt":"2024-09-29T11:55:26","slug":"nuvem-passageira-deixa-cair-pingos-dagua-e-alivia-brasiliense","status":"publish","type":"post","link":"https:\/\/www.notibras.com\/site\/nuvem-passageira-deixa-cair-pingos-dagua-e-alivia-brasiliense\/","title":{"rendered":"Nuvem passageira deixa cair pingos d&#8217;\u00e1gua e alivia brasiliense"},"content":{"rendered":"<p>Moradores de algumas regi\u00f5es do Distrito Federal comemoraram a chegada da chuva, ap\u00f3s 157 dias de estiagem. V\u00eddeos de pancadas isoladas em \u00c1guas Claras e Ceil\u00e2ndia circulam pela internet.<\/p>\n<p>O Instituto Nacional de Meteorologia (Inmet) j\u00e1 havia informado que a capital federal poderia registrar precipita\u00e7\u00e3o em \u00e1reas isoladas ao longo do fim de semana &#8211; o \u00faltimo de setembro e o primeiro da primavera.<\/p>\n<p>\u201cAs chances s\u00e3o pequenas, mas n\u00e3o est\u00e3o descartadas\u201d, avaliou o instituto na sexta-feira (27), ao destacar que as temperaturas na regi\u00e3o v\u00e3o continuar elevadas, com m\u00e1ximas podendo chegar aos 35 graus Celsius.<\/p>\n<p>Na noite de sexta-feira moradores do Jardim Bot\u00e2nico chegaram a registrar raios nos c\u00e9us. O canto das cigarras, que indicam chuvas, tamb\u00e9m aumentou a expectativa dos brasilienses pelas precipita\u00e7\u00f5es.<\/p>\n<p><strong>Alerta<\/strong><br \/>\nApesar do r\u00e1pido al\u00edvio, o Inmet emitiu dois avisos sobre ondas de calor e baixa umidade no Distrito Federal at\u00e9 pelo menos este domingo (29). As orienta\u00e7\u00f5es para a popula\u00e7\u00e3o incluem:<\/p>\n<p>&#8211; beber bastante l\u00edquido;<br \/>\n&#8211; evitar atividades f\u00edsicas;<br \/>\n&#8211; evitar exposi\u00e7\u00e3o ao sol nas horas mais quentes do dia;<br \/>\n&#8211; usar hidratante para pele e umidificar o ambiente;<br \/>\n&#8211; evitar desgaste f\u00edsico nas horas mais secas.<\/p>\n","protected":false},"excerpt":{"rendered":"<p>Moradores de algumas regi\u00f5es do Distrito Federal comemoraram a chegada da chuva, ap\u00f3s 157 dias de estiagem. V\u00eddeos de pancadas isoladas em \u00c1guas Claras e Ceil\u00e2ndia circulam pela internet. O Instituto Nacional de Meteorologia (Inmet) j\u00e1 havia informado que a capital federal poderia registrar precipita\u00e7\u00e3o em \u00e1reas isoladas ao longo do fim de semana &#8211; [&hellip;]<\/p>\n","protected":false},"author":2,"featured_media":337561,"comment_status":"closed","ping_status":"closed","sticky":false,"template":"","format":"standard","meta":{"_acf_changed":false,"footnotes":""},"categories":[161],"tags":[],"class_list":["post-337560","post","type-post","status-publish","format-standard","has-post-thumbnail","hentry","category-quadradinho-em-foco"],"acf":[],"_links":{"self":[{"href":"https:\/\/www.notibras.com\/site\/wp-json\/wp\/v2\/posts\/337560","targetHints":{"allow":["GET"]}}],"collection":[{"href":"https:\/\/www.notibras.com\/site\/wp-json\/wp\/v2\/posts"}],"about":[{"href":"https:\/\/www.notibras.com\/site\/wp-json\/wp\/v2\/types\/post"}],"author":[{"embeddable":true,"href":"https:\/\/www.notibras.com\/site\/wp-json\/wp\/v2\/users\/2"}],"replies":[{"embeddable":true,"href":"https:\/\/www.notibras.com\/site\/wp-json\/wp\/v2\/comments?post=337560"}],"version-history":[{"count":1,"href":"https:\/\/www.notibras.com\/site\/wp-json\/wp\/v2\/posts\/337560\/revisions"}],"predecessor-version":[{"id":337562,"href":"https:\/\/www.notibras.com\/site\/wp-json\/wp\/v2\/posts\/337560\/revisions\/337562"}],"wp:featuredmedia":[{"embeddable":true,"href":"https:\/\/www.notibras.com\/site\/wp-json\/wp\/v2\/media\/337561"}],"wp:attachment":[{"href":"https:\/\/www.notibras.com\/site\/wp-json\/wp\/v2\/media?parent=337560"}],"wp:term":[{"taxonomy":"category","embeddable":true,"href":"https:\/\/www.notibras.com\/site\/wp-json\/wp\/v2\/categories?post=337560"},{"taxonomy":"post_tag","embeddable":true,"href":"https:\/\/www.notibras.com\/site\/wp-json\/wp\/v2\/tags?post=337560"}],"curies":[{"name":"wp","href":"https:\/\/api.w.org\/{rel}","templated":true}]}}