{"id":337566,"date":"2024-09-29T09:16:49","date_gmt":"2024-09-29T12:16:49","guid":{"rendered":"https:\/\/www.notibras.com\/site\/?p=337566"},"modified":"2024-09-29T09:17:50","modified_gmt":"2024-09-29T12:17:50","slug":"terra-do-vinho-do-velho-chico-do-artesanato-e-de-muita-carranca-bonita","status":"publish","type":"post","link":"https:\/\/www.notibras.com\/site\/terra-do-vinho-do-velho-chico-do-artesanato-e-de-muita-carranca-bonita\/","title":{"rendered":"Terra do Vinho, do Velho Chico, do artesanato e de muita carranca bonita"},"content":{"rendered":"<p>Quem conta \u00e9 Fau, professora no Recife, aparentada de gente aqui da Reda\u00e7\u00e3o Nordeste de <strong>Notibras<\/strong>: Petrolina, no sert\u00e3o de Pernambuco, \u00e9 um lugar onde as \u00e1guas tranquilas do Rio S\u00e3o Francisco cortam a aridez do semi\u00e1rido, levando vida e esperan\u00e7a. Para quem chega pela primeira vez, como ela &#8211; que passou dois dias na cidade ministrando cursos na \u00e1rea pedag\u00f3gica &#8211; \u00e9 dif\u00edcil imaginar que no meio desse calor abrasador, essa cidade esconde um dos polos vitivin\u00edcolas mais promissores do Brasil. Sim, Petrolina \u00e9 terra de vinho. E n\u00e3o \u00e9 nenhum vinho. S\u00e3o r\u00f3tulos que competem com os melhores do pa\u00eds, frutos de uma honestidade inteligente que transforma o sert\u00e3o em vinhedos<\/p>\n<p>E tem o S\u00e3o Francisco, que \u00e9 mais que um rio; \u00e9 um s\u00edmbolo de resist\u00eancia e tradi\u00e7\u00e3o. Suas \u00e1guas carregam hist\u00f3rias antigas, lendas passadas de gera\u00e7\u00e3o em gera\u00e7\u00e3o. E junto com ele, v\u00eam as carrancas. Essas esculturas de madeira, feitas \u00e0 m\u00e3o, adornam as proas das embarca\u00e7\u00f5es que cantam as \u00e1guas do Velho Chico. Dizem que as carrancas afastam os maus esp\u00edritos, protegendo os pescadores e barqueiros das surpresas que o rio possa reservar. E em Petrolina, elas se tornaram um \u00edcone.<\/p>\n<p>Al\u00e9m das carrancas, o artesanato local floresce em feiras e lojas de artes\u00f5es. Pe\u00e7as de barro, couro e madeira ganham vida nas m\u00e3os h\u00e1beis de artistas que mant\u00eam vivas as tradi\u00e7\u00f5es da regi\u00e3o. O visitante se encanta com a riqueza dos detalhes, com a diversidade de formas e n\u00facleos que representam a cultura sertaneja.<\/p>\n<p>Petrolina \u00e9 tamb\u00e9m um o\u00e1sis cultural, onde o sert\u00e3o \u00e1rido se transforma em um caldeir\u00e3o de express\u00f5es art\u00edsticas. O calor \u00e9 forte, mas a hospitalidade \u00e9 ainda mais quente. E entre um gole de vinho e uma boa conversa \u00e0 beira do S\u00e3o Francisco, o tempo parece desacelerar, permitindo que as hist\u00f3rias do rio, das carrancas e do sert\u00e3o ecoem na alma de quem passa por ali.<\/p>\n","protected":false},"excerpt":{"rendered":"<p>Quem conta \u00e9 Fau, professora no Recife, aparentada de gente aqui da Reda\u00e7\u00e3o Nordeste de Notibras: Petrolina, no sert\u00e3o de Pernambuco, \u00e9 um lugar onde as \u00e1guas tranquilas do Rio S\u00e3o Francisco cortam a aridez do semi\u00e1rido, levando vida e esperan\u00e7a. Para quem chega pela primeira vez, como ela &#8211; que passou dois dias na [&hellip;]<\/p>\n","protected":false},"author":2,"featured_media":337567,"comment_status":"closed","ping_status":"closed","sticky":false,"template":"","format":"standard","meta":{"_acf_changed":false,"footnotes":""},"categories":[165],"tags":[],"class_list":["post-337566","post","type-post","status-publish","format-standard","has-post-thumbnail","hentry","category-nordeste"],"acf":[],"_links":{"self":[{"href":"https:\/\/www.notibras.com\/site\/wp-json\/wp\/v2\/posts\/337566","targetHints":{"allow":["GET"]}}],"collection":[{"href":"https:\/\/www.notibras.com\/site\/wp-json\/wp\/v2\/posts"}],"about":[{"href":"https:\/\/www.notibras.com\/site\/wp-json\/wp\/v2\/types\/post"}],"author":[{"embeddable":true,"href":"https:\/\/www.notibras.com\/site\/wp-json\/wp\/v2\/users\/2"}],"replies":[{"embeddable":true,"href":"https:\/\/www.notibras.com\/site\/wp-json\/wp\/v2\/comments?post=337566"}],"version-history":[{"count":2,"href":"https:\/\/www.notibras.com\/site\/wp-json\/wp\/v2\/posts\/337566\/revisions"}],"predecessor-version":[{"id":337569,"href":"https:\/\/www.notibras.com\/site\/wp-json\/wp\/v2\/posts\/337566\/revisions\/337569"}],"wp:featuredmedia":[{"embeddable":true,"href":"https:\/\/www.notibras.com\/site\/wp-json\/wp\/v2\/media\/337567"}],"wp:attachment":[{"href":"https:\/\/www.notibras.com\/site\/wp-json\/wp\/v2\/media?parent=337566"}],"wp:term":[{"taxonomy":"category","embeddable":true,"href":"https:\/\/www.notibras.com\/site\/wp-json\/wp\/v2\/categories?post=337566"},{"taxonomy":"post_tag","embeddable":true,"href":"https:\/\/www.notibras.com\/site\/wp-json\/wp\/v2\/tags?post=337566"}],"curies":[{"name":"wp","href":"https:\/\/api.w.org\/{rel}","templated":true}]}}