{"id":33757,"date":"2015-01-12T09:10:21","date_gmt":"2015-01-12T12:10:21","guid":{"rendered":"http:\/\/www.notibras.com\/site\/?p=33757"},"modified":"2015-01-12T09:15:28","modified_gmt":"2015-01-12T12:15:28","slug":"metalurgicos-demitidos-de-montadoras-fecham-rodovias-paulistas","status":"publish","type":"post","link":"https:\/\/www.notibras.com\/site\/metalurgicos-demitidos-de-montadoras-fecham-rodovias-paulistas\/","title":{"rendered":"Metal\u00fargicos demitidos de montadoras fecham rodovias"},"content":{"rendered":"<div class=\"content\">\n<p>O protesto contra demiss\u00f5es nas montadoras de S\u00e3o Paulo re\u00fane metal\u00fargicos da Volkswagen, em greve h\u00e1 sete dias, al\u00e9m de funcion\u00e1rios da Mercedes-Benz, Ford e Scania. De acordo com a Pol\u00edcia Militar, cerca de 3,5 mil pessoas interditam trechos das rodovias Anchieta e Imigrantes. O Sindicato dos Metal\u00fargicos do ABC calcula que 2 mil pessoas estejam na manifesta\u00e7\u00e3o.<\/p>\n<p>De acordo com a concession\u00e1ria Ecovias, a manifesta\u00e7\u00e3o se divide em dois grupos, um bloqueia a pista marginal da Rodovia dos Imigrantes, altura do quil\u00f4metro 23, sentido capital paulista. O trafego est\u00e1 sendo desviado pela pista central. Na Via Anchieta, os manifestantes tamb\u00e9m ocupam a pista marginal, na altura do quil\u00f4metro 16, sentido litoral. O tr\u00e1fego \u00e9 desviado pela pista central.<\/p>\n<blockquote><p>Segundo o Sindicato, o encontro dos dois grupos ser\u00e1 no Centro de Forma\u00e7\u00e3o dos Profissionais da Educa\u00e7\u00e3o, \u00e0s margens do quil\u00f4metro 21 da Via Anchieta. Eles protestam contra a demiss\u00e3o de 800 metal\u00fargicos da Volkswagen. A montadora Mercedes-Benz tamb\u00e9m confirmou 160 demiss\u00f5es. Na quarta-feira (7), os funcion\u00e1rios fizeram paralisa\u00e7\u00e3o de 24 horas.<\/p><\/blockquote>\n<p>As centrais sindicais planejam se reunir na capital paulista, na sede da Central \u00danica dos Trabalhadores (CUT), para debater as recentes demiss\u00f5es na ind\u00fastria automobil\u00edstica na regi\u00e3o do ABC paulista e tentar conter novos desligamentos. O encontro ser\u00e1 na ter\u00e7a-feira (13), \u00e0s 10h. Participam da reuni\u00e3o, al\u00e9m da CUT, a For\u00e7a Sindical, a Uni\u00e3o Geral dos Trabalhadores, a Nova Central\u00a0Sindical de Trabalhadores e a Central\u00a0dos\u00a0Trabalhadores\u00a0e Trabalhadoras do Brasil.<\/p>\n<header>\n<div class=\"node-info\"><strong>Fernanda Cruz, ABr<\/strong><strong><br \/>\n<\/strong><\/div>\n<\/header>\n<\/div>\n","protected":false},"excerpt":{"rendered":"<p>O protesto contra demiss\u00f5es nas montadoras de S\u00e3o Paulo re\u00fane metal\u00fargicos da Volkswagen, em greve h\u00e1 sete dias, al\u00e9m de funcion\u00e1rios da Mercedes-Benz, Ford e Scania. De acordo com a Pol\u00edcia Militar, cerca de 3,5 mil pessoas interditam trechos das rodovias Anchieta e Imigrantes. O Sindicato dos Metal\u00fargicos do ABC calcula que 2 mil pessoas [&hellip;]<\/p>\n","protected":false},"author":2,"featured_media":33758,"comment_status":"open","ping_status":"closed","sticky":false,"template":"","format":"standard","meta":{"_acf_changed":false,"footnotes":""},"categories":[16],"tags":[],"class_list":["post-33757","post","type-post","status-publish","format-standard","has-post-thumbnail","hentry","category-brasil"],"acf":[],"yoast_head":"<!-- This site is optimized with the Yoast SEO plugin v27.2 - https:\/\/yoast.com\/product\/yoast-seo-wordpress\/ -->\n<title>Metal\u00fargicos demitidos de montadoras fecham rodovias - Notibras<\/title>\n<meta name=\"robots\" content=\"index, follow, max-snippet:-1, max-image-preview:large, max-video-preview:-1\" \/>\n<link rel=\"canonical\" href=\"https:\/\/www.notibras.com\/site\/metalurgicos-demitidos-de-montadoras-fecham-rodovias-paulistas\/\" \/>\n<meta property=\"og:locale\" content=\"pt_BR\" \/>\n<meta property=\"og:type\" content=\"article\" \/>\n<meta property=\"og:title\" content=\"Metal\u00fargicos demitidos de montadoras fecham rodovias - Notibras\" \/>\n<meta property=\"og:description\" content=\"O protesto contra demiss\u00f5es nas montadoras de S\u00e3o Paulo re\u00fane metal\u00fargicos da Volkswagen, em greve h\u00e1 sete dias, al\u00e9m de funcion\u00e1rios da Mercedes-Benz, Ford e Scania. De acordo com a Pol\u00edcia Militar, cerca de 3,5 mil pessoas interditam trechos das rodovias Anchieta e Imigrantes. O Sindicato dos Metal\u00fargicos do ABC calcula que 2 mil pessoas [&hellip;]\" \/>\n<meta property=\"og:url\" content=\"https:\/\/www.notibras.com\/site\/metalurgicos-demitidos-de-montadoras-fecham-rodovias-paulistas\/\" \/>\n<meta property=\"og:site_name\" content=\"Notibras\" \/>\n<meta property=\"article:publisher\" content=\"https:\/\/www.facebook.com\/notibras\/\" \/>\n<meta property=\"article:published_time\" content=\"2015-01-12T12:10:21+00:00\" \/>\n<meta property=\"article:modified_time\" content=\"2015-01-12T12:15:28+00:00\" \/>\n<meta property=\"og:image\" content=\"https:\/\/www.notibras.com\/site\/wp-content\/uploads\/2015\/01\/protesto-metalurgicos-hg-20111130.jpg\" \/>\n\t<meta property=\"og:image:width\" content=\"450\" \/>\n\t<meta property=\"og:image:height\" content=\"338\" \/>\n\t<meta property=\"og:image:type\" content=\"image\/jpeg\" \/>\n<meta name=\"author\" content=\"Reda\u00e7\u00e3o\" \/>\n<meta name=\"twitter:card\" content=\"summary_large_image\" \/>\n<meta name=\"twitter:creator\" content=\"@Notibras\" \/>\n<meta name=\"twitter:site\" content=\"@Notibras\" \/>\n<meta name=\"twitter:label1\" content=\"Escrito por\" \/>\n\t<meta name=\"twitter:data1\" content=\"Reda\u00e7\u00e3o\" \/>\n\t<meta name=\"twitter:label2\" content=\"Est. tempo de leitura\" \/>\n\t<meta name=\"twitter:data2\" content=\"1 minuto\" \/>\n<script type=\"application\/ld+json\" class=\"yoast-schema-graph\">{\"@context\":\"https:\/\/schema.org\",\"@graph\":[{\"@type\":\"Article\",\"@id\":\"https:\/\/www.notibras.com\/site\/metalurgicos-demitidos-de-montadoras-fecham-rodovias-paulistas\/#article\",\"isPartOf\":{\"@id\":\"https:\/\/www.notibras.com\/site\/metalurgicos-demitidos-de-montadoras-fecham-rodovias-paulistas\/\"},\"author\":{\"name\":\"Reda\u00e7\u00e3o\",\"@id\":\"https:\/\/www.notibras.com\/site\/#\/schema\/person\/36ab0979449956132d3e5b517ea76ac8\"},\"headline\":\"Metal\u00fargicos demitidos de montadoras fecham rodovias\",\"datePublished\":\"2015-01-12T12:10:21+00:00\",\"dateModified\":\"2015-01-12T12:15:28+00:00\",\"mainEntityOfPage\":{\"@id\":\"https:\/\/www.notibras.com\/site\/metalurgicos-demitidos-de-montadoras-fecham-rodovias-paulistas\/\"},\"wordCount\":275,\"commentCount\":0,\"publisher\":{\"@id\":\"https:\/\/www.notibras.com\/site\/#organization\"},\"image\":{\"@id\":\"https:\/\/www.notibras.com\/site\/metalurgicos-demitidos-de-montadoras-fecham-rodovias-paulistas\/#primaryimage\"},\"thumbnailUrl\":\"https:\/\/www.notibras.com\/site\/wp-content\/uploads\/2015\/01\/protesto-metalurgicos-hg-20111130.jpg\",\"articleSection\":[\"Brasil\"],\"inLanguage\":\"pt-BR\",\"potentialAction\":[{\"@type\":\"CommentAction\",\"name\":\"Comment\",\"target\":[\"https:\/\/www.notibras.com\/site\/metalurgicos-demitidos-de-montadoras-fecham-rodovias-paulistas\/#respond\"]}]},{\"@type\":\"WebPage\",\"@id\":\"https:\/\/www.notibras.com\/site\/metalurgicos-demitidos-de-montadoras-fecham-rodovias-paulistas\/\",\"url\":\"https:\/\/www.notibras.com\/site\/metalurgicos-demitidos-de-montadoras-fecham-rodovias-paulistas\/\",\"name\":\"Metal\u00fargicos demitidos de montadoras fecham rodovias - Notibras\",\"isPartOf\":{\"@id\":\"https:\/\/www.notibras.com\/site\/#website\"},\"primaryImageOfPage\":{\"@id\":\"https:\/\/www.notibras.com\/site\/metalurgicos-demitidos-de-montadoras-fecham-rodovias-paulistas\/#primaryimage\"},\"image\":{\"@id\":\"https:\/\/www.notibras.com\/site\/metalurgicos-demitidos-de-montadoras-fecham-rodovias-paulistas\/#primaryimage\"},\"thumbnailUrl\":\"https:\/\/www.notibras.com\/site\/wp-content\/uploads\/2015\/01\/protesto-metalurgicos-hg-20111130.jpg\",\"datePublished\":\"2015-01-12T12:10:21+00:00\",\"dateModified\":\"2015-01-12T12:15:28+00:00\",\"breadcrumb\":{\"@id\":\"https:\/\/www.notibras.com\/site\/metalurgicos-demitidos-de-montadoras-fecham-rodovias-paulistas\/#breadcrumb\"},\"inLanguage\":\"pt-BR\",\"potentialAction\":[{\"@type\":\"ReadAction\",\"target\":[\"https:\/\/www.notibras.com\/site\/metalurgicos-demitidos-de-montadoras-fecham-rodovias-paulistas\/\"]}]},{\"@type\":\"ImageObject\",\"inLanguage\":\"pt-BR\",\"@id\":\"https:\/\/www.notibras.com\/site\/metalurgicos-demitidos-de-montadoras-fecham-rodovias-paulistas\/#primaryimage\",\"url\":\"https:\/\/www.notibras.com\/site\/wp-content\/uploads\/2015\/01\/protesto-metalurgicos-hg-20111130.jpg\",\"contentUrl\":\"https:\/\/www.notibras.com\/site\/wp-content\/uploads\/2015\/01\/protesto-metalurgicos-hg-20111130.jpg\",\"width\":450,\"height\":338},{\"@type\":\"BreadcrumbList\",\"@id\":\"https:\/\/www.notibras.com\/site\/metalurgicos-demitidos-de-montadoras-fecham-rodovias-paulistas\/#breadcrumb\",\"itemListElement\":[{\"@type\":\"ListItem\",\"position\":1,\"name\":\"In\u00edcio\",\"item\":\"https:\/\/www.notibras.com\/site\/\"},{\"@type\":\"ListItem\",\"position\":2,\"name\":\"Metal\u00fargicos demitidos de montadoras fecham rodovias\"}]},{\"@type\":\"WebSite\",\"@id\":\"https:\/\/www.notibras.com\/site\/#website\",\"url\":\"https:\/\/www.notibras.com\/site\/\",\"name\":\"Notibras\",\"description\":\"Not\u00edcias de Bras\u00edlia, do Brasil e do Mundo\",\"publisher\":{\"@id\":\"https:\/\/www.notibras.com\/site\/#organization\"},\"potentialAction\":[{\"@type\":\"SearchAction\",\"target\":{\"@type\":\"EntryPoint\",\"urlTemplate\":\"https:\/\/www.notibras.com\/site\/?s={search_term_string}\"},\"query-input\":{\"@type\":\"PropertyValueSpecification\",\"valueRequired\":true,\"valueName\":\"search_term_string\"}}],\"inLanguage\":\"pt-BR\"},{\"@type\":\"Organization\",\"@id\":\"https:\/\/www.notibras.com\/site\/#organization\",\"name\":\"Grupo Notibras de Comunica\u00e7\u00e3o\",\"url\":\"https:\/\/www.notibras.com\/site\/\",\"logo\":{\"@type\":\"ImageObject\",\"inLanguage\":\"pt-BR\",\"@id\":\"https:\/\/www.notibras.com\/site\/#\/schema\/logo\/image\/\",\"url\":\"https:\/\/www.notibras.com\/site\/wp-content\/uploads\/2023\/01\/notibras23.png\",\"contentUrl\":\"https:\/\/www.notibras.com\/site\/wp-content\/uploads\/2023\/01\/notibras23.png\",\"width\":350,\"height\":87,\"caption\":\"Grupo Notibras de Comunica\u00e7\u00e3o\"},\"image\":{\"@id\":\"https:\/\/www.notibras.com\/site\/#\/schema\/logo\/image\/\"},\"sameAs\":[\"https:\/\/www.facebook.com\/notibras\/\",\"https:\/\/x.com\/Notibras\",\"https:\/\/www.instagram.com\/notibras\/\"]},{\"@type\":\"Person\",\"@id\":\"https:\/\/www.notibras.com\/site\/#\/schema\/person\/36ab0979449956132d3e5b517ea76ac8\",\"name\":\"Reda\u00e7\u00e3o\",\"image\":{\"@type\":\"ImageObject\",\"inLanguage\":\"pt-BR\",\"@id\":\"https:\/\/secure.gravatar.com\/avatar\/e0a867bdedb85fd243eadf09663511f96fc81e0720a4a42581f334ad4303aa6b?s=96&d=mm&r=g\",\"url\":\"https:\/\/secure.gravatar.com\/avatar\/e0a867bdedb85fd243eadf09663511f96fc81e0720a4a42581f334ad4303aa6b?s=96&d=mm&r=g\",\"contentUrl\":\"https:\/\/secure.gravatar.com\/avatar\/e0a867bdedb85fd243eadf09663511f96fc81e0720a4a42581f334ad4303aa6b?s=96&d=mm&r=g\",\"caption\":\"Reda\u00e7\u00e3o\"}}]}<\/script>\n<!-- \/ Yoast SEO plugin. -->","yoast_head_json":{"title":"Metal\u00fargicos demitidos de montadoras fecham rodovias - Notibras","robots":{"index":"index","follow":"follow","max-snippet":"max-snippet:-1","max-image-preview":"max-image-preview:large","max-video-preview":"max-video-preview:-1"},"canonical":"https:\/\/www.notibras.com\/site\/metalurgicos-demitidos-de-montadoras-fecham-rodovias-paulistas\/","og_locale":"pt_BR","og_type":"article","og_title":"Metal\u00fargicos demitidos de montadoras fecham rodovias - Notibras","og_description":"O protesto contra demiss\u00f5es nas montadoras de S\u00e3o Paulo re\u00fane metal\u00fargicos da Volkswagen, em greve h\u00e1 sete dias, al\u00e9m de funcion\u00e1rios da Mercedes-Benz, Ford e Scania. De acordo com a Pol\u00edcia Militar, cerca de 3,5 mil pessoas interditam trechos das rodovias Anchieta e Imigrantes. O Sindicato dos Metal\u00fargicos do ABC calcula que 2 mil pessoas [&hellip;]","og_url":"https:\/\/www.notibras.com\/site\/metalurgicos-demitidos-de-montadoras-fecham-rodovias-paulistas\/","og_site_name":"Notibras","article_publisher":"https:\/\/www.facebook.com\/notibras\/","article_published_time":"2015-01-12T12:10:21+00:00","article_modified_time":"2015-01-12T12:15:28+00:00","og_image":[{"width":450,"height":338,"url":"https:\/\/www.notibras.com\/site\/wp-content\/uploads\/2015\/01\/protesto-metalurgicos-hg-20111130.jpg","type":"image\/jpeg"}],"author":"Reda\u00e7\u00e3o","twitter_card":"summary_large_image","twitter_creator":"@Notibras","twitter_site":"@Notibras","twitter_misc":{"Escrito por":"Reda\u00e7\u00e3o","Est. tempo de leitura":"1 minuto"},"schema":{"@context":"https:\/\/schema.org","@graph":[{"@type":"Article","@id":"https:\/\/www.notibras.com\/site\/metalurgicos-demitidos-de-montadoras-fecham-rodovias-paulistas\/#article","isPartOf":{"@id":"https:\/\/www.notibras.com\/site\/metalurgicos-demitidos-de-montadoras-fecham-rodovias-paulistas\/"},"author":{"name":"Reda\u00e7\u00e3o","@id":"https:\/\/www.notibras.com\/site\/#\/schema\/person\/36ab0979449956132d3e5b517ea76ac8"},"headline":"Metal\u00fargicos demitidos de montadoras fecham rodovias","datePublished":"2015-01-12T12:10:21+00:00","dateModified":"2015-01-12T12:15:28+00:00","mainEntityOfPage":{"@id":"https:\/\/www.notibras.com\/site\/metalurgicos-demitidos-de-montadoras-fecham-rodovias-paulistas\/"},"wordCount":275,"commentCount":0,"publisher":{"@id":"https:\/\/www.notibras.com\/site\/#organization"},"image":{"@id":"https:\/\/www.notibras.com\/site\/metalurgicos-demitidos-de-montadoras-fecham-rodovias-paulistas\/#primaryimage"},"thumbnailUrl":"https:\/\/www.notibras.com\/site\/wp-content\/uploads\/2015\/01\/protesto-metalurgicos-hg-20111130.jpg","articleSection":["Brasil"],"inLanguage":"pt-BR","potentialAction":[{"@type":"CommentAction","name":"Comment","target":["https:\/\/www.notibras.com\/site\/metalurgicos-demitidos-de-montadoras-fecham-rodovias-paulistas\/#respond"]}]},{"@type":"WebPage","@id":"https:\/\/www.notibras.com\/site\/metalurgicos-demitidos-de-montadoras-fecham-rodovias-paulistas\/","url":"https:\/\/www.notibras.com\/site\/metalurgicos-demitidos-de-montadoras-fecham-rodovias-paulistas\/","name":"Metal\u00fargicos demitidos de montadoras fecham rodovias - Notibras","isPartOf":{"@id":"https:\/\/www.notibras.com\/site\/#website"},"primaryImageOfPage":{"@id":"https:\/\/www.notibras.com\/site\/metalurgicos-demitidos-de-montadoras-fecham-rodovias-paulistas\/#primaryimage"},"image":{"@id":"https:\/\/www.notibras.com\/site\/metalurgicos-demitidos-de-montadoras-fecham-rodovias-paulistas\/#primaryimage"},"thumbnailUrl":"https:\/\/www.notibras.com\/site\/wp-content\/uploads\/2015\/01\/protesto-metalurgicos-hg-20111130.jpg","datePublished":"2015-01-12T12:10:21+00:00","dateModified":"2015-01-12T12:15:28+00:00","breadcrumb":{"@id":"https:\/\/www.notibras.com\/site\/metalurgicos-demitidos-de-montadoras-fecham-rodovias-paulistas\/#breadcrumb"},"inLanguage":"pt-BR","potentialAction":[{"@type":"ReadAction","target":["https:\/\/www.notibras.com\/site\/metalurgicos-demitidos-de-montadoras-fecham-rodovias-paulistas\/"]}]},{"@type":"ImageObject","inLanguage":"pt-BR","@id":"https:\/\/www.notibras.com\/site\/metalurgicos-demitidos-de-montadoras-fecham-rodovias-paulistas\/#primaryimage","url":"https:\/\/www.notibras.com\/site\/wp-content\/uploads\/2015\/01\/protesto-metalurgicos-hg-20111130.jpg","contentUrl":"https:\/\/www.notibras.com\/site\/wp-content\/uploads\/2015\/01\/protesto-metalurgicos-hg-20111130.jpg","width":450,"height":338},{"@type":"BreadcrumbList","@id":"https:\/\/www.notibras.com\/site\/metalurgicos-demitidos-de-montadoras-fecham-rodovias-paulistas\/#breadcrumb","itemListElement":[{"@type":"ListItem","position":1,"name":"In\u00edcio","item":"https:\/\/www.notibras.com\/site\/"},{"@type":"ListItem","position":2,"name":"Metal\u00fargicos demitidos de montadoras fecham rodovias"}]},{"@type":"WebSite","@id":"https:\/\/www.notibras.com\/site\/#website","url":"https:\/\/www.notibras.com\/site\/","name":"Notibras","description":"Not\u00edcias de Bras\u00edlia, do Brasil e do Mundo","publisher":{"@id":"https:\/\/www.notibras.com\/site\/#organization"},"potentialAction":[{"@type":"SearchAction","target":{"@type":"EntryPoint","urlTemplate":"https:\/\/www.notibras.com\/site\/?s={search_term_string}"},"query-input":{"@type":"PropertyValueSpecification","valueRequired":true,"valueName":"search_term_string"}}],"inLanguage":"pt-BR"},{"@type":"Organization","@id":"https:\/\/www.notibras.com\/site\/#organization","name":"Grupo Notibras de Comunica\u00e7\u00e3o","url":"https:\/\/www.notibras.com\/site\/","logo":{"@type":"ImageObject","inLanguage":"pt-BR","@id":"https:\/\/www.notibras.com\/site\/#\/schema\/logo\/image\/","url":"https:\/\/www.notibras.com\/site\/wp-content\/uploads\/2023\/01\/notibras23.png","contentUrl":"https:\/\/www.notibras.com\/site\/wp-content\/uploads\/2023\/01\/notibras23.png","width":350,"height":87,"caption":"Grupo Notibras de Comunica\u00e7\u00e3o"},"image":{"@id":"https:\/\/www.notibras.com\/site\/#\/schema\/logo\/image\/"},"sameAs":["https:\/\/www.facebook.com\/notibras\/","https:\/\/x.com\/Notibras","https:\/\/www.instagram.com\/notibras\/"]},{"@type":"Person","@id":"https:\/\/www.notibras.com\/site\/#\/schema\/person\/36ab0979449956132d3e5b517ea76ac8","name":"Reda\u00e7\u00e3o","image":{"@type":"ImageObject","inLanguage":"pt-BR","@id":"https:\/\/secure.gravatar.com\/avatar\/e0a867bdedb85fd243eadf09663511f96fc81e0720a4a42581f334ad4303aa6b?s=96&d=mm&r=g","url":"https:\/\/secure.gravatar.com\/avatar\/e0a867bdedb85fd243eadf09663511f96fc81e0720a4a42581f334ad4303aa6b?s=96&d=mm&r=g","contentUrl":"https:\/\/secure.gravatar.com\/avatar\/e0a867bdedb85fd243eadf09663511f96fc81e0720a4a42581f334ad4303aa6b?s=96&d=mm&r=g","caption":"Reda\u00e7\u00e3o"}}]}},"amp_enabled":true,"_links":{"self":[{"href":"https:\/\/www.notibras.com\/site\/wp-json\/wp\/v2\/posts\/33757","targetHints":{"allow":["GET"]}}],"collection":[{"href":"https:\/\/www.notibras.com\/site\/wp-json\/wp\/v2\/posts"}],"about":[{"href":"https:\/\/www.notibras.com\/site\/wp-json\/wp\/v2\/types\/post"}],"author":[{"embeddable":true,"href":"https:\/\/www.notibras.com\/site\/wp-json\/wp\/v2\/users\/2"}],"replies":[{"embeddable":true,"href":"https:\/\/www.notibras.com\/site\/wp-json\/wp\/v2\/comments?post=33757"}],"version-history":[{"count":0,"href":"https:\/\/www.notibras.com\/site\/wp-json\/wp\/v2\/posts\/33757\/revisions"}],"wp:featuredmedia":[{"embeddable":true,"href":"https:\/\/www.notibras.com\/site\/wp-json\/wp\/v2\/media\/33758"}],"wp:attachment":[{"href":"https:\/\/www.notibras.com\/site\/wp-json\/wp\/v2\/media?parent=33757"}],"wp:term":[{"taxonomy":"category","embeddable":true,"href":"https:\/\/www.notibras.com\/site\/wp-json\/wp\/v2\/categories?post=33757"},{"taxonomy":"post_tag","embeddable":true,"href":"https:\/\/www.notibras.com\/site\/wp-json\/wp\/v2\/tags?post=33757"}],"curies":[{"name":"wp","href":"https:\/\/api.w.org\/{rel}","templated":true}]}}