{"id":337619,"date":"2024-09-30T08:00:22","date_gmt":"2024-09-30T11:00:22","guid":{"rendered":"https:\/\/www.notibras.com\/site\/?p=337619"},"modified":"2024-09-30T11:03:17","modified_gmt":"2024-09-30T14:03:17","slug":"portaria-define-as-regras-para-os-recessos-de-fim-de-ano","status":"publish","type":"post","link":"https:\/\/www.notibras.com\/site\/portaria-define-as-regras-para-os-recessos-de-fim-de-ano\/","title":{"rendered":"Portaria define as regras para os recessos de fim de ano"},"content":{"rendered":"<p>O Minist\u00e9rio da Gest\u00e3o e da Inova\u00e7\u00e3o em Servi\u00e7os P\u00fablicos divulgou nesta segunda-feira (30) orienta\u00e7\u00f5es para \u00f3rg\u00e3os e entidades da administra\u00e7\u00e3o p\u00fablica federal direta, aut\u00e1rquica e fundacional sobre os recessos de fim de ano. A portaria foi publicada no Di\u00e1rio Oficial da Uni\u00e3o.<\/p>\n<p>O texto estabelece o per\u00edodo de 23 a 27 de dezembro para o recesso de Natal e de 30 de dezembro a 3 de janeiro para o recesso de Ano-novo. Agentes p\u00fablicos devem se revezar nos dois per\u00edodos, preservando servi\u00e7os essenciais, \u201cem especial, o atendimento ao p\u00fablico\u201d.<\/p>\n<p>De acordo com a publica\u00e7\u00e3o, os recessos dever\u00e3o ser compensado entre 1\u00ba de outubro de 2024 e 31 de maio de 2025. A compensa\u00e7\u00e3o \u00e9 limitada a duas horas di\u00e1rias para servidores p\u00fablicos, empregados p\u00fablicos e contratados tempor\u00e1rios; e a uma hora di\u00e1ria para estagi\u00e1rios.<\/p>\n<p>\u201cO agente p\u00fablico que n\u00e3o compensar as horas usufru\u00eddas em raz\u00e3o do recesso, no per\u00edodo estabelecido, sofrer\u00e1 desconto em sua remunera\u00e7\u00e3o, proporcionalmente \u00e0s horas n\u00e3o compensadas\u201d, estabelece a portaria.<\/p>\n<p>\u201cAgentes p\u00fablicos que optarem por n\u00e3o exercer a faculdade de que trata esta portaria dever\u00e3o manter a sua jornada ordin\u00e1ria de trabalho\u201d, conclui a portaria.<\/p>\n","protected":false},"excerpt":{"rendered":"<p>O Minist\u00e9rio da Gest\u00e3o e da Inova\u00e7\u00e3o em Servi\u00e7os P\u00fablicos divulgou nesta segunda-feira (30) orienta\u00e7\u00f5es para \u00f3rg\u00e3os e entidades da administra\u00e7\u00e3o p\u00fablica federal direta, aut\u00e1rquica e fundacional sobre os recessos de fim de ano. A portaria foi publicada no Di\u00e1rio Oficial da Uni\u00e3o. O texto estabelece o per\u00edodo de 23 a 27 de dezembro para [&hellip;]<\/p>\n","protected":false},"author":2,"featured_media":337620,"comment_status":"closed","ping_status":"closed","sticky":false,"template":"","format":"standard","meta":{"_acf_changed":false,"footnotes":""},"categories":[161],"tags":[],"class_list":["post-337619","post","type-post","status-publish","format-standard","has-post-thumbnail","hentry","category-quadradinho-em-foco"],"acf":[],"_links":{"self":[{"href":"https:\/\/www.notibras.com\/site\/wp-json\/wp\/v2\/posts\/337619","targetHints":{"allow":["GET"]}}],"collection":[{"href":"https:\/\/www.notibras.com\/site\/wp-json\/wp\/v2\/posts"}],"about":[{"href":"https:\/\/www.notibras.com\/site\/wp-json\/wp\/v2\/types\/post"}],"author":[{"embeddable":true,"href":"https:\/\/www.notibras.com\/site\/wp-json\/wp\/v2\/users\/2"}],"replies":[{"embeddable":true,"href":"https:\/\/www.notibras.com\/site\/wp-json\/wp\/v2\/comments?post=337619"}],"version-history":[{"count":1,"href":"https:\/\/www.notibras.com\/site\/wp-json\/wp\/v2\/posts\/337619\/revisions"}],"predecessor-version":[{"id":337621,"href":"https:\/\/www.notibras.com\/site\/wp-json\/wp\/v2\/posts\/337619\/revisions\/337621"}],"wp:featuredmedia":[{"embeddable":true,"href":"https:\/\/www.notibras.com\/site\/wp-json\/wp\/v2\/media\/337620"}],"wp:attachment":[{"href":"https:\/\/www.notibras.com\/site\/wp-json\/wp\/v2\/media?parent=337619"}],"wp:term":[{"taxonomy":"category","embeddable":true,"href":"https:\/\/www.notibras.com\/site\/wp-json\/wp\/v2\/categories?post=337619"},{"taxonomy":"post_tag","embeddable":true,"href":"https:\/\/www.notibras.com\/site\/wp-json\/wp\/v2\/tags?post=337619"}],"curies":[{"name":"wp","href":"https:\/\/api.w.org\/{rel}","templated":true}]}}