{"id":337625,"date":"2024-09-30T00:07:20","date_gmt":"2024-09-30T03:07:20","guid":{"rendered":"https:\/\/www.notibras.com\/site\/?p=337625"},"modified":"2024-09-30T11:09:10","modified_gmt":"2024-09-30T14:09:10","slug":"fiscalizacao-com-cobranca-de-crlv-atualizado-comeca-terca","status":"publish","type":"post","link":"https:\/\/www.notibras.com\/site\/fiscalizacao-com-cobranca-de-crlv-atualizado-comeca-terca\/","title":{"rendered":"Fiscaliza\u00e7\u00e3o com cobran\u00e7a de CRLV atualizado come\u00e7a ter\u00e7a"},"content":{"rendered":"<p>Termina nesta segunda-feira (30) o prazo para que propriet\u00e1rios de ve\u00edculos com placa de finais 1 e 2 renovem o Certificado de Registro e Licenciamento de Ve\u00edculo (CRLV). \u00c9 importante estar atento, pois, no dia seguinte, ter\u00e7a-feira (1\u00ba\/10), j\u00e1 ter\u00e1 in\u00edcio a fiscaliza\u00e7\u00e3o com cobran\u00e7a do documento atualizado.<\/p>\n<p>Para os ve\u00edculos com placas que tenham outros finais, os prazos terminam nos \u00faltimos dias dos meses seguintes. Finais 3, 4 e 5, em 31 de outubro; 6, 7 e 8, em 30 de novembro; 9 e 0, em 31 de dezembro. A cobran\u00e7a tamb\u00e9m passa a ser feita no dia seguinte ao fim do prazo: 1\u00ba de novembro, 1\u00ba de dezembro e 1\u00ba de janeiro de 2025, respectivamente.<\/p>\n<p>Para emitir ou obter o documento digital atualizado \u00e9 preciso estar em dia com o pagamento do Imposto Sobre Propriedade de Ve\u00edculos Automotores (IPVA), de multas e dos demais impostos anuais obrigat\u00f3rios. \u201c\u00c9 importante que a pessoa esteja com o licenciamento para comprovar a regularidade da circula\u00e7\u00e3o do ve\u00edculo todo ano. Esse documento \u00e9 de porte obrigat\u00f3rio \u2013 hoje pode ser apresentado de forma digital \u2013 e ele comprova que o carro est\u00e1 apto a circular pelas vias, que est\u00e1 em situa\u00e7\u00e3o de regularidade. Al\u00e9m de comprovar a propriedade, que \u00e9 algo importante tamb\u00e9m nas fiscaliza\u00e7\u00f5es\u201d, explica o diretor de Policiamento e Fiscaliza\u00e7\u00e3o de Tr\u00e2nsito do Departamento de Tr\u00e2nsito (Detran-DF), Glauber Peixoto.<\/p>\n<p>O condutor que for flagrado com o documento fora do prazo pode ser autuado. \u201c\u00c9 uma infra\u00e7\u00e3o de natureza grav\u00edssima, que rende sete pontos na carteira, multa de R$ 293,47 e remo\u00e7\u00e3o do ve\u00edculo ao dep\u00f3sito do Detran. Soma-se ainda o deslocamento do guincho e outras taxas do dep\u00f3sito, o que, muitas vezes, fica mais caro que a pr\u00f3pria infra\u00e7\u00e3o\u201d, ressalta Peixoto. \u201cO governo divide os valores do IPVA. Ent\u00e3o, as pessoas tiveram ao longo do ano um prazo para resolver essas quest\u00f5es e a fiscaliza\u00e7\u00e3o \u00e9 escalonada justamente para o propriet\u00e1rio ter tempo de regularizar a situa\u00e7\u00e3o do ve\u00edculo\u201d, acrescenta.<\/p>\n<p><strong>Retorno<\/strong><br \/>\nSegundo o Detran, o DF tem hoje uma frota total de 2.072.179 ve\u00edculos. Desses, 753.777 haviam quitado o IPVA at\u00e9 a quarta-feira (25), de acordo com a Secretaria de Economia (Seec). No in\u00edcio do ano, a pasta lan\u00e7ou R$ 2,1 bilh\u00f5es em boletos de IPVA, sendo que, tamb\u00e9m at\u00e9 quarta-feira, haviam sido pagos R$ 1,6 bilh\u00e3o.<\/p>\n<p>A coordenadora de Tributos Diretos da Subsecretaria da Receita da Secretaria de Economia (Seec-DF), Luc\u00edlia Borges, destaca que o valor pago retorna \u00e0 popula\u00e7\u00e3o. \u201cO IPVA \u00e9 um tributo de arrecada\u00e7\u00e3o n\u00e3o vinculada, ou seja, n\u00e3o est\u00e1 vinculado a nenhum destino espec\u00edfico. Por isso, pode ser usado na implementa\u00e7\u00e3o de pol\u00edticas p\u00fablicas, em obras, sa\u00fade, seguran\u00e7a e educa\u00e7\u00e3o\u201d, aponta. Fique atento aos prazos:<\/p>\n<p><strong>Limite para renova\u00e7\u00e3o do CRLV<\/strong><br \/>\n<strong>\u2022 Placas com finais 1 e 2: 30\/9<\/strong><br \/>\n<strong>\u2022 Finais 3, 4 e 5: 31\/10<\/strong><br \/>\n<strong>\u2022 Finais 6, 7 e 8: 30\/11<\/strong><br \/>\n<strong>\u2022 Finais 9 e 0: 31\/12<\/strong><\/p>\n<p><strong>In\u00edcio da fiscaliza\u00e7\u00e3o<\/strong><br \/>\n<strong>\u2022 Placas com finais 1 e 2: 1\u00ba\/10<\/strong><br \/>\n<strong>\u2022 Finais 3, 4 e 5: 1\u00ba\/11<\/strong><br \/>\n<strong>\u2022 Finais 6, 7 e 8: 1\u00ba\/12<\/strong><br \/>\n<strong>\u2022 Finais 9 e 0: 1\u00ba\/1\/2025.<\/strong><\/p>\n","protected":false},"excerpt":{"rendered":"<p>Termina nesta segunda-feira (30) o prazo para que propriet\u00e1rios de ve\u00edculos com placa de finais 1 e 2 renovem o Certificado de Registro e Licenciamento de Ve\u00edculo (CRLV). \u00c9 importante estar atento, pois, no dia seguinte, ter\u00e7a-feira (1\u00ba\/10), j\u00e1 ter\u00e1 in\u00edcio a fiscaliza\u00e7\u00e3o com cobran\u00e7a do documento atualizado. Para os ve\u00edculos com placas que tenham [&hellip;]<\/p>\n","protected":false},"author":2,"featured_media":337626,"comment_status":"closed","ping_status":"closed","sticky":false,"template":"","format":"standard","meta":{"_acf_changed":false,"footnotes":""},"categories":[161],"tags":[],"class_list":["post-337625","post","type-post","status-publish","format-standard","has-post-thumbnail","hentry","category-quadradinho-em-foco"],"acf":[],"_links":{"self":[{"href":"https:\/\/www.notibras.com\/site\/wp-json\/wp\/v2\/posts\/337625","targetHints":{"allow":["GET"]}}],"collection":[{"href":"https:\/\/www.notibras.com\/site\/wp-json\/wp\/v2\/posts"}],"about":[{"href":"https:\/\/www.notibras.com\/site\/wp-json\/wp\/v2\/types\/post"}],"author":[{"embeddable":true,"href":"https:\/\/www.notibras.com\/site\/wp-json\/wp\/v2\/users\/2"}],"replies":[{"embeddable":true,"href":"https:\/\/www.notibras.com\/site\/wp-json\/wp\/v2\/comments?post=337625"}],"version-history":[{"count":1,"href":"https:\/\/www.notibras.com\/site\/wp-json\/wp\/v2\/posts\/337625\/revisions"}],"predecessor-version":[{"id":337627,"href":"https:\/\/www.notibras.com\/site\/wp-json\/wp\/v2\/posts\/337625\/revisions\/337627"}],"wp:featuredmedia":[{"embeddable":true,"href":"https:\/\/www.notibras.com\/site\/wp-json\/wp\/v2\/media\/337626"}],"wp:attachment":[{"href":"https:\/\/www.notibras.com\/site\/wp-json\/wp\/v2\/media?parent=337625"}],"wp:term":[{"taxonomy":"category","embeddable":true,"href":"https:\/\/www.notibras.com\/site\/wp-json\/wp\/v2\/categories?post=337625"},{"taxonomy":"post_tag","embeddable":true,"href":"https:\/\/www.notibras.com\/site\/wp-json\/wp\/v2\/tags?post=337625"}],"curies":[{"name":"wp","href":"https:\/\/api.w.org\/{rel}","templated":true}]}}