{"id":337631,"date":"2024-09-30T00:00:09","date_gmt":"2024-09-30T03:00:09","guid":{"rendered":"https:\/\/www.notibras.com\/site\/?p=337631"},"modified":"2024-09-30T11:23:59","modified_gmt":"2024-09-30T14:23:59","slug":"plano-de-ocupacao-vai-levar-infraestrutura-e-lazer-aos-brasilienses","status":"publish","type":"post","link":"https:\/\/www.notibras.com\/site\/plano-de-ocupacao-vai-levar-infraestrutura-e-lazer-aos-brasilienses\/","title":{"rendered":"Plano de ocupa\u00e7\u00e3o vai levar infraestrutura e lazer aos brasilienses"},"content":{"rendered":"<p>\u201cO acesso a espa\u00e7os como esse precisa ser democratizado\u201d, \u00e9 o que defende Joaquim Pereira, de 43 anos, ao opinar sobre o Plano de Ocupa\u00e7\u00e3o para a Unidade Especial 4 \u2013 Polo 1 do Lago Norte. O local em quest\u00e3o fica ao lado do Parque Ecol\u00f3gico das Gar\u00e7as, que possui 53,1 mil m\u00b2. J\u00e1 a ocupa\u00e7\u00e3o \u00e9 um espa\u00e7o p\u00fablico com 6 mil m\u00b2.<\/p>\n<p>Apesar de j\u00e1 ser utilizada pela popula\u00e7\u00e3o para caminhadas, pedaladas e esportes aqu\u00e1ticos, a \u00e1rea da ocupa\u00e7\u00e3o possui infraestrutura prec\u00e1ria, com poucos bancos e sanit\u00e1rios, e sem servi\u00e7os dispon\u00edveis no entorno.<\/p>\n<p>Morador de Planaltina, o vigilante aproveitou o fim de semana de descanso para visitar a \u00e1rea p\u00fablica da regi\u00e3o pela primeira vez neste domingo (29). Chamou aten\u00e7\u00e3o, por\u00e9m, a falta de infraestrutura no local.<\/p>\n<p>\u201c\u00c9 um espa\u00e7o muito bacana. Me surpreendi. Mas a \u00e1rea precisa ser melhor utilizada. Falta infraestrutura, a gente v\u00ea que falta banheiro. Aqui precisa ter um olhar p\u00fablico para investimento\u201d, diz Joaquim.<\/p>\n<p>O plano, elaborado pela Ag\u00eancia de Desenvolvimento do Distrito Federal (Terracap) e aprovado por unanimidade pelo Conselho de Planejamento Territorial e Urbano do Distrito Federal (Conplan) em 25 de setembro, traz uma s\u00e9rie de diretrizes para definir a forma de ocupa\u00e7\u00e3o e uso do local. O Conplan re\u00fane \u00f3rg\u00e3os de governo, como a Secretaria de Desenvolvimento Urbano e Habita\u00e7\u00e3o do DF (Seduh) e Instituto Bras\u00edlia Ambiental, al\u00e9m de associa\u00e7\u00e3o de moradores e o pr\u00f3prio Instituto do Patrim\u00f4nio Hist\u00f3rico e Art\u00edstico Nacional (Iphan).<\/p>\n<p>Ao todo, tr\u00eas pilares regem a proposta: sustentabilidade ambiental, qualidade de vida e viabilidade econ\u00f4mica, conforme explica Thiago Freire, gerente da Terracap.<\/p>\n<p>\u201cA gente entende que a popula\u00e7\u00e3o utiliza o espa\u00e7o como forma de contempla\u00e7\u00e3o. Isso ser\u00e1 preservado. A ideia \u00e9 revitalizar o espa\u00e7o com mais estrutura\u201d, afirma. \u201cN\u00f3s vamos aprimorar os atributos ecol\u00f3gicos. Teremos mais \u00e1rvores nativas do Cerrado, mais \u00e1reas esportivas e um espa\u00e7o para com\u00e9rcio de restaurante. Vai deixar o local mais acess\u00edvel. Vamos manter a quest\u00e3o da contempla\u00e7\u00e3o do uso atual.\u201d<\/p>\n<p>Al\u00e9m de um espa\u00e7o para com\u00e9rcios e servi\u00e7os como restaurantes e lanchonetes, tamb\u00e9m poder\u00e3o ser feitos estacionamentos, faixas de pedestres e ciclovias que garantam o acesso da popula\u00e7\u00e3o \u00e0 orla do lago.<\/p>\n<p>Ainda est\u00e1 prevista a instala\u00e7\u00e3o de um mobili\u00e1rio urbano, como lixeiras, sanit\u00e1rios, quiosques, bancos, esta\u00e7\u00f5es de aluguel de bicicletas e ilumina\u00e7\u00e3o p\u00fablica; assim como o plantio de esp\u00e9cies nativas do Cerrado para uma maior arboriza\u00e7\u00e3o do espa\u00e7o.<\/p>\n<p>A gratuidade para acessar o espa\u00e7o segue garantida. Segundo a Terracap, n\u00e3o poder\u00e1 ser feita qualquer cobran\u00e7a para entrada nas \u00e1reas. A ocupa\u00e7\u00e3o vai respeitar a forma como o local j\u00e1 \u00e9 atualmente utilizado e contribuir para a qualifica\u00e7\u00e3o da \u00e1rea em prol da popula\u00e7\u00e3o.<\/p>\n<p>Quem tamb\u00e9m \u00e9 a favor da ocupa\u00e7\u00e3o \u00e9 o adestrador de c\u00e3es Geniel Melo, 28, morador de Planaltina. Frequentador ass\u00edduo da \u00e1rea, ele conta que a maior dificuldade \u00e9 a quest\u00e3o dos banheiros p\u00fablicos e a falta de com\u00e9rcio.<\/p>\n<p>\u201cA gente tem dificuldade para comprar alguma coisa, para poder ir ao banheiro, para procurar um local para pra ficar embaixo se chover. Eu venho de Planaltina para poder tirar um dia de descanso, mas sinto essa dificuldade na falta de estrutura\u201d, relata.<\/p>\n<p>A administradora Geane Ferreira, de 47 anos, e o filho, Davi Louren\u00e7o Coelho, de 14 anos, visitam a \u00e1rea p\u00fablica todos os fins de semana. Diagnosticado com Transtorno do Espectro Autista (TEA), Davi sente que o espa\u00e7o p\u00fablico acaba sendo muito mais que um \u00e1rea de contempla\u00e7\u00e3o, mas um local para se sentir mais \u00e0 vontade. Com uma infraestrutura otimizada, ele conta que essa experi\u00eancia seria melhor.<\/p>\n<p>\u201cGosto. Aqui \u00e9 bem legal. Gosto de ficar aqui com minha m\u00e3e. Mas precisa de mais seguran\u00e7a, mais banheiros e com\u00e9rcio\u201d, refor\u00e7a.<\/p>\n<p>\u201cO Davi n\u00e3o gosta muito de \u00e1gua em casa, mas aqui ele adora colocar os p\u00e9s na \u00e1gua. Frequentamos o espa\u00e7o sempre. \u00c9 uma \u00e1rea muito agrad\u00e1vel. Tem que ter, sim, uma infraestrutura, mais banheiros para que as pessoas fa\u00e7am suas necessidades nos locais adequados, mais seguran\u00e7a. Eu achei muito bacana a elabora\u00e7\u00e3o desse plano, que \u00e9 uma pol\u00edtica p\u00fablica para que toda a popula\u00e7\u00e3o tenha acesso gratuito\u201d, completa Geane.<\/p>\n<p><strong>Pr\u00f3ximos passos<\/strong><br \/>\nCom a aprova\u00e7\u00e3o da ocupa\u00e7\u00e3o pela Conplan, a Terracap se prepara para elaborar minutas para um edital de concess\u00e3o da \u00e1rea p\u00fablica. A inten\u00e7\u00e3o \u00e9 realizar tamb\u00e9m uma consulta p\u00fablica para que todos os interessados possam contribuir com o plano.<\/p>\n<p>Na sequ\u00eancia, todo o processo ser\u00e1 enviado para an\u00e1lise do Tribunal de Contas do Distrito Federal. Ap\u00f3s aval da Corte, o edital de concorr\u00eancia deve ser publicado no Di\u00e1rio Oficial do DF.<\/p>\n","protected":false},"excerpt":{"rendered":"<p>\u201cO acesso a espa\u00e7os como esse precisa ser democratizado\u201d, \u00e9 o que defende Joaquim Pereira, de 43 anos, ao opinar sobre o Plano de Ocupa\u00e7\u00e3o para a Unidade Especial 4 \u2013 Polo 1 do Lago Norte. O local em quest\u00e3o fica ao lado do Parque Ecol\u00f3gico das Gar\u00e7as, que possui 53,1 mil m\u00b2. J\u00e1 a [&hellip;]<\/p>\n","protected":false},"author":2,"featured_media":337632,"comment_status":"closed","ping_status":"closed","sticky":false,"template":"","format":"standard","meta":{"_acf_changed":false,"footnotes":""},"categories":[161],"tags":[],"class_list":["post-337631","post","type-post","status-publish","format-standard","has-post-thumbnail","hentry","category-quadradinho-em-foco"],"acf":[],"_links":{"self":[{"href":"https:\/\/www.notibras.com\/site\/wp-json\/wp\/v2\/posts\/337631","targetHints":{"allow":["GET"]}}],"collection":[{"href":"https:\/\/www.notibras.com\/site\/wp-json\/wp\/v2\/posts"}],"about":[{"href":"https:\/\/www.notibras.com\/site\/wp-json\/wp\/v2\/types\/post"}],"author":[{"embeddable":true,"href":"https:\/\/www.notibras.com\/site\/wp-json\/wp\/v2\/users\/2"}],"replies":[{"embeddable":true,"href":"https:\/\/www.notibras.com\/site\/wp-json\/wp\/v2\/comments?post=337631"}],"version-history":[{"count":1,"href":"https:\/\/www.notibras.com\/site\/wp-json\/wp\/v2\/posts\/337631\/revisions"}],"predecessor-version":[{"id":337633,"href":"https:\/\/www.notibras.com\/site\/wp-json\/wp\/v2\/posts\/337631\/revisions\/337633"}],"wp:featuredmedia":[{"embeddable":true,"href":"https:\/\/www.notibras.com\/site\/wp-json\/wp\/v2\/media\/337632"}],"wp:attachment":[{"href":"https:\/\/www.notibras.com\/site\/wp-json\/wp\/v2\/media?parent=337631"}],"wp:term":[{"taxonomy":"category","embeddable":true,"href":"https:\/\/www.notibras.com\/site\/wp-json\/wp\/v2\/categories?post=337631"},{"taxonomy":"post_tag","embeddable":true,"href":"https:\/\/www.notibras.com\/site\/wp-json\/wp\/v2\/tags?post=337631"}],"curies":[{"name":"wp","href":"https:\/\/api.w.org\/{rel}","templated":true}]}}