{"id":337634,"date":"2024-09-30T12:27:41","date_gmt":"2024-09-30T15:27:41","guid":{"rendered":"https:\/\/www.notibras.com\/site\/?p=337634"},"modified":"2024-09-30T12:27:41","modified_gmt":"2024-09-30T15:27:41","slug":"campanha-politica-abusa-de-timpanos-de-bebes","status":"publish","type":"post","link":"https:\/\/www.notibras.com\/site\/campanha-politica-abusa-de-timpanos-de-bebes\/","title":{"rendered":"Campanha pol\u00edtica abusa de t\u00edmpanos de beb\u00eas"},"content":{"rendered":"<p>Desrespeito \u00e0 sociedade. Essa \u00e9 uma situa\u00e7\u00e3o comum em per\u00edodos eleitorais, especialmente em cidades menores, onde as campanhas se tornam eventos quase inescap\u00e1veis. O caso de Lula Cabral, candidato a prefeito de Cabo de Santo Agostinho, em Pernambuco, \u00e9 um exemplo gritante do quanto a pol\u00edtica local pode invadir a privacidade e a tranquilidade dos moradores.<\/p>\n<p>O abuso de carros de som, com jingles eleitorais repetidos em volume excessivo, transforma o ambiente em um verdadeiro caos. O som estridente n\u00e3o respeita nem o hor\u00e1rio de descanso, afetando principalmente fam\u00edlias com beb\u00eas e crian\u00e7as pequenas, cujas rotinas de sono s\u00e3o facilmente perturbadas.<\/p>\n<p>\u00c9 um cen\u00e1rio em que o marketing eleitoral se sobrep\u00f5e \u00e0 empatia e \u00e0 conviv\u00eancia comunit\u00e1ria. Para muitos candidatos, o poder do barulho parece ser a principal ferramenta de persuas\u00e3o, esquecendo-se de que uma campanha feita de forma respeitosa pode trazer mais votos do que o inc\u00f4modo causado por decib\u00e9is desnecess\u00e1rios.<\/p>\n<p>Fica claro que a legisla\u00e7\u00e3o que regula a propaganda eleitoral, mesmo existindo, \u00e9 pouco respeitada ou fiscalizada em muitos casos. A esperan\u00e7a \u00e9 que, com o tempo, os eleitores se tornem mais cr\u00edticos a essas pr\u00e1ticas invasivas, punindo com o voto os candidatos que n\u00e3o respeitam a tranquilidade da comunidade. Lula Cabral at\u00e9 pode ser eleito, mas ter\u00e1 uma banda puxada por trombones diuturnamente na frente da prefeitura.<\/p>\n","protected":false},"excerpt":{"rendered":"<p>Desrespeito \u00e0 sociedade. Essa \u00e9 uma situa\u00e7\u00e3o comum em per\u00edodos eleitorais, especialmente em cidades menores, onde as campanhas se tornam eventos quase inescap\u00e1veis. O caso de Lula Cabral, candidato a prefeito de Cabo de Santo Agostinho, em Pernambuco, \u00e9 um exemplo gritante do quanto a pol\u00edtica local pode invadir a privacidade e a tranquilidade dos [&hellip;]<\/p>\n","protected":false},"author":2,"featured_media":337635,"comment_status":"closed","ping_status":"closed","sticky":false,"template":"","format":"standard","meta":{"_acf_changed":false,"footnotes":""},"categories":[165],"tags":[],"class_list":["post-337634","post","type-post","status-publish","format-standard","has-post-thumbnail","hentry","category-nordeste"],"acf":[],"_links":{"self":[{"href":"https:\/\/www.notibras.com\/site\/wp-json\/wp\/v2\/posts\/337634","targetHints":{"allow":["GET"]}}],"collection":[{"href":"https:\/\/www.notibras.com\/site\/wp-json\/wp\/v2\/posts"}],"about":[{"href":"https:\/\/www.notibras.com\/site\/wp-json\/wp\/v2\/types\/post"}],"author":[{"embeddable":true,"href":"https:\/\/www.notibras.com\/site\/wp-json\/wp\/v2\/users\/2"}],"replies":[{"embeddable":true,"href":"https:\/\/www.notibras.com\/site\/wp-json\/wp\/v2\/comments?post=337634"}],"version-history":[{"count":1,"href":"https:\/\/www.notibras.com\/site\/wp-json\/wp\/v2\/posts\/337634\/revisions"}],"predecessor-version":[{"id":337636,"href":"https:\/\/www.notibras.com\/site\/wp-json\/wp\/v2\/posts\/337634\/revisions\/337636"}],"wp:featuredmedia":[{"embeddable":true,"href":"https:\/\/www.notibras.com\/site\/wp-json\/wp\/v2\/media\/337635"}],"wp:attachment":[{"href":"https:\/\/www.notibras.com\/site\/wp-json\/wp\/v2\/media?parent=337634"}],"wp:term":[{"taxonomy":"category","embeddable":true,"href":"https:\/\/www.notibras.com\/site\/wp-json\/wp\/v2\/categories?post=337634"},{"taxonomy":"post_tag","embeddable":true,"href":"https:\/\/www.notibras.com\/site\/wp-json\/wp\/v2\/tags?post=337634"}],"curies":[{"name":"wp","href":"https:\/\/api.w.org\/{rel}","templated":true}]}}