{"id":337643,"date":"2024-10-01T00:07:42","date_gmt":"2024-10-01T03:07:42","guid":{"rendered":"https:\/\/www.notibras.com\/site\/?p=337643"},"modified":"2024-09-30T20:31:11","modified_gmt":"2024-09-30T23:31:11","slug":"novo-remedio-vai-combater-pacientes-do-nordeste-com-anemia","status":"publish","type":"post","link":"https:\/\/www.notibras.com\/site\/novo-remedio-vai-combater-pacientes-do-nordeste-com-anemia\/","title":{"rendered":"Novo rem\u00e9dio vai combater pacientes do Nordeste com anemia"},"content":{"rendered":"<p>Os pacientes atendidos no Sistema \u00danico de Sa\u00fade (SUS) que sofrem de anemia por falta de ferro e t\u00eam sintomas adversos ao tomar o medicamento sulfato ferroso, agora t\u00eam uma nova op\u00e7\u00e3o de tratamento. O f\u00e1rmaco ferripolimaltose, que acaba de ser inclu\u00eddo na Rede SUS, traz mais uma op\u00e7\u00e3o aos pacientes com Anemia por Defici\u00eancia de Ferro.<\/p>\n<p>A situa\u00e7\u00e3o mais preocupante \u00e9 a da regi\u00e3o Nordeste, onde o percentual de pessoas com anemia gira em torno de 25,5% das crian\u00e7as e de 40% das mulheres, considerando o universo pesquisado em todo o Pa\u00eds.<\/p>\n<p>Essa defici\u00eancia \u00e9 um problema de sa\u00fade grave, causado pela falta de ferro, nutriente essencial no organismo para produzir as c\u00e9lulas do sangue e garantir que o oxig\u00eanio chegue a todas as partes do corpo. Quando os n\u00edveis de ferro est\u00e3o baixos, a pessoa pode sentir cansa\u00e7o extremo, fraqueza, falta de ar e at\u00e9 dificuldades de concentra\u00e7\u00e3o.<\/p>\n<p>Esse tipo de anemia afeta a sa\u00fade de crian\u00e7as e mulheres em fase pr\u00e9-menopausa e atinge principalmente pessoas de baixa renda, que muitas vezes n\u00e3o conseguem garantir uma alimenta\u00e7\u00e3o adequada em ferro.<\/p>\n<p>A doen\u00e7a \u00e9 uma das condi\u00e7\u00f5es nutricionais mais comuns no mundo, atingindo 30% da popula\u00e7\u00e3o. Em 2023, o Minist\u00e9rio da Sa\u00fade gastou R$ 326,4 milh\u00f5es em interna\u00e7\u00f5es decorrentes de anemia em hospitais p\u00fablicos no pa\u00eds.<\/p>\n<p>Com a chegada da ferripolimaltose, quem tem intoler\u00e2ncia ao sulfato ferroso \u2013 medicamento dispon\u00edvel no SUS para tratar a anemia por defici\u00eancia de ferro \u2013 poder\u00e1 fazer o tratamento sem os efeitos indesejados, como dores de est\u00f4mago e n\u00e1useas. Isso vai garantir que mais pessoas possam ter o tratamento adequado.<\/p>\n<p>Essa novidade no SUS \u00e9 um passo importante para melhorar a qualidade de vida de milhares de brasileiros que convivem com a anemia.<\/p>\n<p><strong>Sinais e sintomas<\/strong><br \/>\ncansa\u00e7o generalizado;<br \/>\nfalta de apetite;<br \/>\npalidez de pele e mucosas;<br \/>\nmenor disposi\u00e7\u00e3o para o trabalho;<br \/>\ndificuldade de aprendizagem nas crian\u00e7as.<\/p>\n<p>O Minist\u00e9rio da Sa\u00fade refor\u00e7a que nesses casos, o m\u00e9dico dever\u00e1 ser procurado, para diagn\u00f3stico e conduta para o tratamento.<\/p>\n","protected":false},"excerpt":{"rendered":"<p>Os pacientes atendidos no Sistema \u00danico de Sa\u00fade (SUS) que sofrem de anemia por falta de ferro e t\u00eam sintomas adversos ao tomar o medicamento sulfato ferroso, agora t\u00eam uma nova op\u00e7\u00e3o de tratamento. O f\u00e1rmaco ferripolimaltose, que acaba de ser inclu\u00eddo na Rede SUS, traz mais uma op\u00e7\u00e3o aos pacientes com Anemia por Defici\u00eancia [&hellip;]<\/p>\n","protected":false},"author":2,"featured_media":337644,"comment_status":"closed","ping_status":"closed","sticky":false,"template":"","format":"standard","meta":{"_acf_changed":false,"footnotes":""},"categories":[165],"tags":[],"class_list":["post-337643","post","type-post","status-publish","format-standard","has-post-thumbnail","hentry","category-nordeste"],"acf":[],"_links":{"self":[{"href":"https:\/\/www.notibras.com\/site\/wp-json\/wp\/v2\/posts\/337643","targetHints":{"allow":["GET"]}}],"collection":[{"href":"https:\/\/www.notibras.com\/site\/wp-json\/wp\/v2\/posts"}],"about":[{"href":"https:\/\/www.notibras.com\/site\/wp-json\/wp\/v2\/types\/post"}],"author":[{"embeddable":true,"href":"https:\/\/www.notibras.com\/site\/wp-json\/wp\/v2\/users\/2"}],"replies":[{"embeddable":true,"href":"https:\/\/www.notibras.com\/site\/wp-json\/wp\/v2\/comments?post=337643"}],"version-history":[{"count":2,"href":"https:\/\/www.notibras.com\/site\/wp-json\/wp\/v2\/posts\/337643\/revisions"}],"predecessor-version":[{"id":337646,"href":"https:\/\/www.notibras.com\/site\/wp-json\/wp\/v2\/posts\/337643\/revisions\/337646"}],"wp:featuredmedia":[{"embeddable":true,"href":"https:\/\/www.notibras.com\/site\/wp-json\/wp\/v2\/media\/337644"}],"wp:attachment":[{"href":"https:\/\/www.notibras.com\/site\/wp-json\/wp\/v2\/media?parent=337643"}],"wp:term":[{"taxonomy":"category","embeddable":true,"href":"https:\/\/www.notibras.com\/site\/wp-json\/wp\/v2\/categories?post=337643"},{"taxonomy":"post_tag","embeddable":true,"href":"https:\/\/www.notibras.com\/site\/wp-json\/wp\/v2\/tags?post=337643"}],"curies":[{"name":"wp","href":"https:\/\/api.w.org\/{rel}","templated":true}]}}