{"id":337650,"date":"2024-10-01T00:01:45","date_gmt":"2024-10-01T03:01:45","guid":{"rendered":"https:\/\/www.notibras.com\/site\/?p=337650"},"modified":"2024-09-30T20:53:49","modified_gmt":"2024-09-30T23:53:49","slug":"esta-chegando-a-hora-confira-orientacoes-e-prepare-se-para-votar","status":"publish","type":"post","link":"https:\/\/www.notibras.com\/site\/esta-chegando-a-hora-confira-orientacoes-e-prepare-se-para-votar\/","title":{"rendered":"Est\u00e1 chegando a hora&#8230; confira orienta\u00e7\u00f5es e prepare-se para votar"},"content":{"rendered":"<p>No pr\u00f3ximo domingo, 6 de outubro, acontecem as elei\u00e7\u00f5es municipais 2024. Milh\u00f5es de eleitores do Nordeste (como de resto de todo o Brasil, com exce\u00e7\u00e3o de Bras\u00edlia, que n\u00e3o tem prefeitos nem vereadores) ter\u00e3o a oportunidade de escolher o prefeito, vice-prefeito e vereadores de sua cidade.<\/p>\n<p>Confira a seguir algumas orienta\u00e7\u00f5es para o momento da vota\u00e7\u00e3o.<\/p>\n<p><strong>Qual documento levar? <\/strong><br \/>\nQuem perdeu o t\u00edtulo de eleitor pode votar. Voc\u00ea pode consultar o local de vota\u00e7\u00e3o na p\u00e1gina do Tribunal Superior Eleitoral (TSE), no aplicativo &#8220;e-T\u00edtulo&#8221; ou no cart\u00f3rio eleitoral. O importante \u00e9 levar, no dia da vota\u00e7\u00e3o, um documento de identifica\u00e7\u00e3o com foto, a exemplo de Registro Geral (RG), Carteira Nacional de Habilita\u00e7\u00e3o (CNH), Carteira de Trabalho, Identidade Social, Passaporte ou outro documento de valor equivalente, como a carteira de categoria profissional reconhecida por lei ou o certificado de reservista. Certid\u00f5es de nascimento ou de casamento n\u00e3o valem! O e-T\u00edtulo segue sendo recomendado pela Justi\u00e7a Federal, mas lembre-se de que o celular s\u00f3 pode ser usado at\u00e9 entrar na cabine.<\/p>\n<p><strong>Posso levar os n\u00fameros por escrito?<\/strong><br \/>\nSim! A chamada &#8220;cola&#8221; \u00e9 incentivada na hora de votar. As &#8220;colinhas&#8221; podem ser utilizadas desde que sejam todas f\u00edsicas e de papel, evitando organizar as informa\u00e7\u00f5es pelo celular.<\/p>\n<p><strong>Onde eu voto? <\/strong><br \/>\nDesde o dia 3 de setembro, \u00e9 poss\u00edvel ver a se\u00e7\u00e3o de vota\u00e7\u00e3o no e-T\u00edtulo ou na internet usando informa\u00e7\u00f5es mais recentes. A ferramenta \u00e9 importante para quem pediu a transfer\u00eancia tempor\u00e1ria do local de vota\u00e7\u00e3o e para quem fez mudan\u00e7as no cadastro eleitoral at\u00e9 o dia 8 de maio.<\/p>\n<p><strong>E o voto em tr\u00e2nsito?<\/strong><br \/>\nEm elei\u00e7\u00f5es municipais n\u00e3o h\u00e1 voto em tr\u00e2nsito, ou seja, quem vota em uma cidade brasileira, mas n\u00e3o conseguir\u00e1 comparecer na data, ter\u00e1 que justificar a aus\u00eancia. A \u00fanica exce\u00e7\u00e3o \u00e9 para quem tem t\u00edtulo no Distrito Federal, que n\u00e3o elege prefeitos, assim como o arquip\u00e9lago de Fernando de Noronha, que tamb\u00e9m n\u00e3o elege gestores municipais.<\/p>\n<p><strong>Como posso justificar? <\/strong><br \/>\nO eleitor que n\u00e3o puder votar no dia 6 de outubro pode apresentar sua justificativa para a Justi\u00e7a Eleitoral em at\u00e9 60 dias ap\u00f3s a elei\u00e7\u00e3o. \u00c9 importante ressaltar que cada turno \u00e9 considerado isoladamente, ou seja, haver\u00e1 prazos distintos para justificar as aus\u00eancias do primeiro e do segundo turnos. Quem n\u00e3o puder comparecer nos dois turnos ter\u00e1 que justificar duas vezes.<\/p>\n<p><strong>Posso manifestar o meu voto?<\/strong><br \/>\nSim. Segundo o TSE, o eleitor pode manifestar a sua prefer\u00eancia por determinado candidato ou partido no dia da elei\u00e7\u00e3o. Isso pode ser feito de diversas formas, como utilizando camisetas, broches, adesivos, bon\u00e9s ou levando bandeiras, por exemplo.<\/p>\n","protected":false},"excerpt":{"rendered":"<p>No pr\u00f3ximo domingo, 6 de outubro, acontecem as elei\u00e7\u00f5es municipais 2024. Milh\u00f5es de eleitores do Nordeste (como de resto de todo o Brasil, com exce\u00e7\u00e3o de Bras\u00edlia, que n\u00e3o tem prefeitos nem vereadores) ter\u00e3o a oportunidade de escolher o prefeito, vice-prefeito e vereadores de sua cidade. Confira a seguir algumas orienta\u00e7\u00f5es para o momento da [&hellip;]<\/p>\n","protected":false},"author":2,"featured_media":337651,"comment_status":"closed","ping_status":"closed","sticky":false,"template":"","format":"standard","meta":{"_acf_changed":false,"footnotes":""},"categories":[165],"tags":[],"class_list":["post-337650","post","type-post","status-publish","format-standard","has-post-thumbnail","hentry","category-nordeste"],"acf":[],"_links":{"self":[{"href":"https:\/\/www.notibras.com\/site\/wp-json\/wp\/v2\/posts\/337650","targetHints":{"allow":["GET"]}}],"collection":[{"href":"https:\/\/www.notibras.com\/site\/wp-json\/wp\/v2\/posts"}],"about":[{"href":"https:\/\/www.notibras.com\/site\/wp-json\/wp\/v2\/types\/post"}],"author":[{"embeddable":true,"href":"https:\/\/www.notibras.com\/site\/wp-json\/wp\/v2\/users\/2"}],"replies":[{"embeddable":true,"href":"https:\/\/www.notibras.com\/site\/wp-json\/wp\/v2\/comments?post=337650"}],"version-history":[{"count":1,"href":"https:\/\/www.notibras.com\/site\/wp-json\/wp\/v2\/posts\/337650\/revisions"}],"predecessor-version":[{"id":337652,"href":"https:\/\/www.notibras.com\/site\/wp-json\/wp\/v2\/posts\/337650\/revisions\/337652"}],"wp:featuredmedia":[{"embeddable":true,"href":"https:\/\/www.notibras.com\/site\/wp-json\/wp\/v2\/media\/337651"}],"wp:attachment":[{"href":"https:\/\/www.notibras.com\/site\/wp-json\/wp\/v2\/media?parent=337650"}],"wp:term":[{"taxonomy":"category","embeddable":true,"href":"https:\/\/www.notibras.com\/site\/wp-json\/wp\/v2\/categories?post=337650"},{"taxonomy":"post_tag","embeddable":true,"href":"https:\/\/www.notibras.com\/site\/wp-json\/wp\/v2\/tags?post=337650"}],"curies":[{"name":"wp","href":"https:\/\/api.w.org\/{rel}","templated":true}]}}