{"id":337706,"date":"2024-10-01T00:00:57","date_gmt":"2024-10-01T03:00:57","guid":{"rendered":"https:\/\/www.notibras.com\/site\/?p=337706"},"modified":"2024-10-01T02:52:38","modified_gmt":"2024-10-01T05:52:38","slug":"comeca-prazo-de-adesao-ao-enem-para-privados-de-liberdade","status":"publish","type":"post","link":"https:\/\/www.notibras.com\/site\/comeca-prazo-de-adesao-ao-enem-para-privados-de-liberdade\/","title":{"rendered":"Come\u00e7a prazo de ades\u00e3o ao Enem para privados de liberdade"},"content":{"rendered":"<p>Os \u00f3rg\u00e3os p\u00fablicos de administra\u00e7\u00e3o prisional ou socioeducativa interessados em aplicar as provas do Exame Nacional do Ensino M\u00e9dio (Enem) para adultos e jovens com priva\u00e7\u00e3o de liberdade (PPL) t\u00eam at\u00e9 o pr\u00f3ximo dia 18 para aderir ao Enem PPL 2024.<\/p>\n<p>Segundo o Instituto Nacional de Estudos e Pesquisas Educacionais An\u00edsio Teixeira (Inep), autarquia vinculada ao Minist\u00e9rio da Educa\u00e7\u00e3o (MEC) respons\u00e1vel por administrar o exame, cabe aos \u00f3rg\u00e3os de administra\u00e7\u00e3o prisional ou socioeducativa de cada um dos 26 estados e do Distrito Federal indicar os respectivos estabelecimentos onde as provas possam ser realizadas.<\/p>\n<p>De acordo com o edital com as diretrizes e o cronograma do Enem PPL 2024, os interessados devem encaminhar of\u00edcio para o e-mail do Inep para aderir \u00e0 iniciativa.<\/p>\n<p>A mensagem deve ser identificada com a express\u00e3o \u201cAdes\u00e3o Enem PPL 2024\u201d no campo assunto e conter todas as informa\u00e7\u00f5es exigidas no modelo disponibilizado no edital, que dever\u00e3o ser reconhecidas pelo secret\u00e1rio local respons\u00e1vel pelo \u00f3rg\u00e3o de administra\u00e7\u00e3o prisional ou socioeducativa.<\/p>\n<p>As inscri\u00e7\u00f5es dos participantes dever\u00e3o ser realizadas entre os dias 7 e 25 de outubro, por seus respons\u00e1veis pedag\u00f3gicos. O cronograma j\u00e1 divulgado pelo Inep prev\u00ea a aplica\u00e7\u00e3o das provas em 10 e 11 de dezembro.<\/p>\n<p>Segundo o Inep, o exame n\u00e3o ser\u00e1 realizado em unidades onde n\u00e3o houver condi\u00e7\u00f5es log\u00edsticas e de seguran\u00e7a, bem como nas que n\u00e3o satisfa\u00e7am todos os crit\u00e9rios estabelecidos no Termo de Ades\u00e3o, Responsabilidade e Compromisso.<\/p>\n<p><strong>Entenda<\/strong><br \/>\nO Enem avalia o desempenho escolar dos estudantes ao t\u00e9rmino da educa\u00e7\u00e3o b\u00e1sica. Ao longo de mais de duas d\u00e9cadas, tornou-se a principal porta de entrada para a educa\u00e7\u00e3o superior no Brasil.<\/p>\n<p>As notas do exame podem ser usadas para acessar o Sistema de Sele\u00e7\u00e3o Unificada (Sisu) e o Programa Universidade para Todos (ProUni) e tamb\u00e9m s\u00e3o aceitas em institui\u00e7\u00f5es de educa\u00e7\u00e3o superior portuguesas que t\u00eam acordo com o Inep.<\/p>\n<p>Os participantes do Enem podem pleitear ainda financiamento estudantil em programas do governo, como o Fundo de Financiamento Estudantil (Fies).<\/p>\n<p>Qualquer pessoa que j\u00e1 concluiu o ensino m\u00e9dio ou est\u00e1 concluindo a etapa pode fazer o Enem para ter acesso \u00e0 educa\u00e7\u00e3o superior. Quem ainda n\u00e3o concluiu pode participar como treineiro. Os resultados, nesse caso, servem somente para autoavalia\u00e7\u00e3o de conhecimentos.<\/p>\n","protected":false},"excerpt":{"rendered":"<p>Os \u00f3rg\u00e3os p\u00fablicos de administra\u00e7\u00e3o prisional ou socioeducativa interessados em aplicar as provas do Exame Nacional do Ensino M\u00e9dio (Enem) para adultos e jovens com priva\u00e7\u00e3o de liberdade (PPL) t\u00eam at\u00e9 o pr\u00f3ximo dia 18 para aderir ao Enem PPL 2024. Segundo o Instituto Nacional de Estudos e Pesquisas Educacionais An\u00edsio Teixeira (Inep), autarquia vinculada [&hellip;]<\/p>\n","protected":false},"author":2,"featured_media":337707,"comment_status":"closed","ping_status":"closed","sticky":false,"template":"","format":"standard","meta":{"_acf_changed":false,"footnotes":""},"categories":[161],"tags":[],"class_list":["post-337706","post","type-post","status-publish","format-standard","has-post-thumbnail","hentry","category-quadradinho-em-foco"],"acf":[],"_links":{"self":[{"href":"https:\/\/www.notibras.com\/site\/wp-json\/wp\/v2\/posts\/337706","targetHints":{"allow":["GET"]}}],"collection":[{"href":"https:\/\/www.notibras.com\/site\/wp-json\/wp\/v2\/posts"}],"about":[{"href":"https:\/\/www.notibras.com\/site\/wp-json\/wp\/v2\/types\/post"}],"author":[{"embeddable":true,"href":"https:\/\/www.notibras.com\/site\/wp-json\/wp\/v2\/users\/2"}],"replies":[{"embeddable":true,"href":"https:\/\/www.notibras.com\/site\/wp-json\/wp\/v2\/comments?post=337706"}],"version-history":[{"count":1,"href":"https:\/\/www.notibras.com\/site\/wp-json\/wp\/v2\/posts\/337706\/revisions"}],"predecessor-version":[{"id":337708,"href":"https:\/\/www.notibras.com\/site\/wp-json\/wp\/v2\/posts\/337706\/revisions\/337708"}],"wp:featuredmedia":[{"embeddable":true,"href":"https:\/\/www.notibras.com\/site\/wp-json\/wp\/v2\/media\/337707"}],"wp:attachment":[{"href":"https:\/\/www.notibras.com\/site\/wp-json\/wp\/v2\/media?parent=337706"}],"wp:term":[{"taxonomy":"category","embeddable":true,"href":"https:\/\/www.notibras.com\/site\/wp-json\/wp\/v2\/categories?post=337706"},{"taxonomy":"post_tag","embeddable":true,"href":"https:\/\/www.notibras.com\/site\/wp-json\/wp\/v2\/tags?post=337706"}],"curies":[{"name":"wp","href":"https:\/\/api.w.org\/{rel}","templated":true}]}}