{"id":337735,"date":"2024-10-02T09:27:34","date_gmt":"2024-10-02T12:27:34","guid":{"rendered":"https:\/\/www.notibras.com\/site\/?p=337735"},"modified":"2024-10-02T09:27:34","modified_gmt":"2024-10-02T12:27:34","slug":"nordestino-aprenda-a-baixar-o-e-titulo-para-votar-no-primeiro-turno","status":"publish","type":"post","link":"https:\/\/www.notibras.com\/site\/nordestino-aprenda-a-baixar-o-e-titulo-para-votar-no-primeiro-turno\/","title":{"rendered":"Nordestino, aprenda a baixar o e-T\u00edtulo para votar no primeiro turno"},"content":{"rendered":"<p>O eleitor que pretende usar o t\u00edtulo digital para votar no primeiro turno das elei\u00e7\u00f5es municipais de 6 de outubro deve baixar o aplicativo e-T\u00edtulo para celulares at\u00e9 s\u00e1bado (5), v\u00e9spera do pleito.<\/p>\n<p>No dia de vota\u00e7\u00e3o, o download ser\u00e1 suspenso pela Justi\u00e7a Eleitoral para evitar instabilidade. O acesso ser\u00e1 retomado na segunda-feira (7).<\/p>\n<p>O aplicativo \u00e9 gerido pela Justi\u00e7a Eleitoral e pode ser utilizado como documento de identifica\u00e7\u00e3o para votar e acessar o endere\u00e7o do local de vota\u00e7\u00e3o, al\u00e9m de permitir a justificativa pela aus\u00eancia na vota\u00e7\u00e3o.<\/p>\n<p>O e-T\u00edtulo pode ser baixado gratuitamente nas lojas de aplicativos Apple e Android. Em seguida, o usu\u00e1rio deve preencher os dados pessoais solicitados e validar o acesso ao aplicativo.<\/p>\n<p>Para conseguir votar com o t\u00edtulo digital, o aplicativo deve conter a biometria, a foto do eleitor e deve estar atualizado. Se essas condi\u00e7\u00f5es n\u00e3o estiverem preenchidas, o eleitor s\u00f3 poder\u00e1 votar com um documento oficial com foto, como a carteira de identidade, Carteira Nacional de Habilita\u00e7\u00e3o (CNH) ou carteira de trabalho.<\/p>\n<p>O aplicativo tem cerca de 75 milh\u00f5es de downloads e 46 milh\u00f5es de contas cadastradas. Segundo o Tribunal Superior Eleitoral (TSE), mais da metade das contas cadastradas n\u00e3o est\u00e3o com o app atualizado e devem fazer o procedimento, que deve ser realizado na aba de atualiza\u00e7\u00e3o da loja do aplicativo.<\/p>\n<p>No dia da vota\u00e7\u00e3o, o eleitor n\u00e3o poder\u00e1 entrar na cabine portando o aparelho celular, que dever\u00e1 ser deixado com os mes\u00e1rios.<\/p>\n<p><strong>Justificativa<\/strong><br \/>\nAl\u00e9m de servir como t\u00edtulo de eleitor digital, o e-T\u00edtulo poder\u00e1 ser usado pelo cidad\u00e3o que n\u00e3o vai comparecer \u00e0s urnas no pr\u00f3ximo domingo.<\/p>\n<p>Pelas regras eleitorais, o eleitor que n\u00e3o estiver em seu domic\u00edlio eleitoral dever\u00e1 justificar aus\u00eancia na vota\u00e7\u00e3o. A restri\u00e7\u00e3o ocorre porque n\u00e3o h\u00e1 possibilidade de voto em tr\u00e2nsito nos pleitos municipais.<\/p>\n<p>O prazo para justificativa \u00e9 de 60 dias ap\u00f3s cada turno. Quem n\u00e3o votar no primeiro turno pode votar no segundo ou vice-versa.<\/p>\n","protected":false},"excerpt":{"rendered":"<p>O eleitor que pretende usar o t\u00edtulo digital para votar no primeiro turno das elei\u00e7\u00f5es municipais de 6 de outubro deve baixar o aplicativo e-T\u00edtulo para celulares at\u00e9 s\u00e1bado (5), v\u00e9spera do pleito. No dia de vota\u00e7\u00e3o, o download ser\u00e1 suspenso pela Justi\u00e7a Eleitoral para evitar instabilidade. O acesso ser\u00e1 retomado na segunda-feira (7). O [&hellip;]<\/p>\n","protected":false},"author":2,"featured_media":337736,"comment_status":"closed","ping_status":"closed","sticky":false,"template":"","format":"standard","meta":{"_acf_changed":false,"footnotes":""},"categories":[165],"tags":[],"class_list":["post-337735","post","type-post","status-publish","format-standard","has-post-thumbnail","hentry","category-nordeste"],"acf":[],"_links":{"self":[{"href":"https:\/\/www.notibras.com\/site\/wp-json\/wp\/v2\/posts\/337735","targetHints":{"allow":["GET"]}}],"collection":[{"href":"https:\/\/www.notibras.com\/site\/wp-json\/wp\/v2\/posts"}],"about":[{"href":"https:\/\/www.notibras.com\/site\/wp-json\/wp\/v2\/types\/post"}],"author":[{"embeddable":true,"href":"https:\/\/www.notibras.com\/site\/wp-json\/wp\/v2\/users\/2"}],"replies":[{"embeddable":true,"href":"https:\/\/www.notibras.com\/site\/wp-json\/wp\/v2\/comments?post=337735"}],"version-history":[{"count":1,"href":"https:\/\/www.notibras.com\/site\/wp-json\/wp\/v2\/posts\/337735\/revisions"}],"predecessor-version":[{"id":337737,"href":"https:\/\/www.notibras.com\/site\/wp-json\/wp\/v2\/posts\/337735\/revisions\/337737"}],"wp:featuredmedia":[{"embeddable":true,"href":"https:\/\/www.notibras.com\/site\/wp-json\/wp\/v2\/media\/337736"}],"wp:attachment":[{"href":"https:\/\/www.notibras.com\/site\/wp-json\/wp\/v2\/media?parent=337735"}],"wp:term":[{"taxonomy":"category","embeddable":true,"href":"https:\/\/www.notibras.com\/site\/wp-json\/wp\/v2\/categories?post=337735"},{"taxonomy":"post_tag","embeddable":true,"href":"https:\/\/www.notibras.com\/site\/wp-json\/wp\/v2\/tags?post=337735"}],"curies":[{"name":"wp","href":"https:\/\/api.w.org\/{rel}","templated":true}]}}