{"id":337746,"date":"2024-10-02T11:23:28","date_gmt":"2024-10-02T14:23:28","guid":{"rendered":"https:\/\/www.notibras.com\/site\/?p=337746"},"modified":"2024-10-02T11:56:17","modified_gmt":"2024-10-02T14:56:17","slug":"don-quilate-canta-e-encanta-quando-sai-a-passeio","status":"publish","type":"post","link":"https:\/\/www.notibras.com\/site\/don-quilate-canta-e-encanta-quando-sai-a-passeio\/","title":{"rendered":"Don Quilate canta e encanta quando sai a passeio"},"content":{"rendered":"<p>Don Quilate Brinca Comigo. Pois \u00e9 esse o nome desse rapazola de cara achata-da e com o cora\u00e7\u00e3o repleto de alegria. Tanto \u00e9 que o Quiqui, como \u00e9 carinhosamente chamado pela galera que convive com esse simp\u00e1tico buldogue, n\u00e3o perde a chance de ench\u00ea-lo de carinhos, beijos, apertos e afagos.<\/p>\n<p>\u2014 Morde?<\/p>\n<p>\u2014 N\u00e3o, mas canta. Serve?<\/p>\n<p>Geralmente, as pessoas que ouvem a Paula Arag\u00e3o falar isso n\u00e3o acreditam. E desde quando cachorro canta? Ah, s\u00f3 deve estar de brincadeira! Que nada! O Quiqui n\u00e3o s\u00f3 canta, como tamb\u00e9m encanta quando resolve soltar a voz. Desse modo, at\u00e9 os mais incr\u00e9dulos passam a acreditar que esse menino com jeit\u00e3o de cachorro tem tudo para despontar nas paradas de sucesso.<\/p>\n<p>\u2014 Quiqui, me d\u00ea um d\u00f3.<\/p>\n<p>\u2014 Aaauuu!<\/p>\n<p>\u2014 Agora um l\u00e1.<\/p>\n<p>\u2014 Aaaaaauuuuu!<\/p>\n<p>\u2014 Que tal um mi?<\/p>\n<p>\u2014 Aaaaauuuuuuuuu!<\/p>\n<p><img loading=\"lazy\" decoding=\"async\" class=\"alignnone wp-image-337748\" src=\"https:\/\/www.notibras.com\/site\/wp-content\/uploads\/2024\/10\/auaudois-300x263.jpg\" alt=\"\" width=\"500\" height=\"438\" srcset=\"https:\/\/www.notibras.com\/site\/wp-content\/uploads\/2024\/10\/auaudois-300x263.jpg 300w, https:\/\/www.notibras.com\/site\/wp-content\/uploads\/2024\/10\/auaudois.jpg 320w\" sizes=\"auto, (max-width: 500px) 100vw, 500px\" \/><\/p>\n<p>Mas nem s\u00f3 de cantorias \u00e9 a vida desse menino nascido no dia 23 de julho de 2013 em Bras\u00edlia. \u00c9 que ele herdou as maluquices da m\u00e3e, a saudosa Molly. E, apesar dos atuais 11 anos, o Quiqui ainda gosta de dar as suas corridinhas ao lado da Paula.<\/p>\n<p>Apesar de tanta energia, tem hora que as pilhas alcalinas do mais serelepe buldogue precisam ser trocadas. Nada melhor, ent\u00e3o, do que tirar aquela soneca no confort\u00e1vel sof\u00e1 da sala. Mas n\u00e3o se enganem com essa carinha de sono, pois, n\u00e3o tarda, l\u00e1 vai o Quiqui aprontar mais uma, ainda mais se degustar algo inusitado para o paladar canino: pequi.<\/p>\n<p><strong>*Eduardo Mart\u00ednez \u00e9 autor do livro \u201c57 Contos e Cr\u00f4nicas por um Autor muito Velho\u201d.<\/strong><\/p>\n<p>Compre aqui\u00a0<span class=\"x19la9d6 x1fc57z9 x6ikm8r x10wlt62 x19co3pv x1g5zs5t xfibh0p xiy17q3 x1xsqp64 x1lkfr7t xexx8yu x4uap5 x18d9i69 xkhd6sd\"><span class=\"xrtxmta x1bhl96m\"><img decoding=\"async\" class=\"emoji\" role=\"img\" draggable=\"false\" src=\"https:\/\/s.w.org\/images\/core\/emoji\/14.0.0\/svg\/1f447-1f3ff.svg\" alt=\"&#x1f447;&#x1f3ff;\" \/><\/span><\/span><span class=\"x19la9d6 x1fc57z9 x6ikm8r x10wlt62 x19co3pv x1g5zs5t xfibh0p xiy17q3 x1xsqp64 x1lkfr7t xexx8yu x4uap5 x18d9i69 xkhd6sd\"><span class=\"xrtxmta x1bhl96m\"><img decoding=\"async\" class=\"emoji\" role=\"img\" draggable=\"false\" src=\"https:\/\/s.w.org\/images\/core\/emoji\/14.0.0\/svg\/1f447-1f3ff.svg\" alt=\"&#x1f447;&#x1f3ff;\" \/><\/span><\/span><span class=\"x19la9d6 x1fc57z9 x6ikm8r x10wlt62 x19co3pv x1g5zs5t xfibh0p xiy17q3 x1xsqp64 x1lkfr7t xexx8yu x4uap5 x18d9i69 xkhd6sd\"><span class=\"xrtxmta x1bhl96m\"><img decoding=\"async\" class=\"emoji\" role=\"img\" draggable=\"false\" src=\"https:\/\/s.w.org\/images\/core\/emoji\/14.0.0\/svg\/1f447-1f3ff.svg\" alt=\"&#x1f447;&#x1f3ff;\" \/><\/span><\/span><\/p>\n<p><a href=\"http:\/\/www.joanineditora.com.br\/57-contos-e-cronicas-por-um-autor-muito-velho\">http:\/\/www.joanineditora.com.br\/57-contos-e-cronicas-por-um-autor-muito-velho<\/a><\/p>\n","protected":false},"excerpt":{"rendered":"<p>Don Quilate Brinca Comigo. Pois \u00e9 esse o nome desse rapazola de cara achata-da e com o cora\u00e7\u00e3o repleto de alegria. Tanto \u00e9 que o Quiqui, como \u00e9 carinhosamente chamado pela galera que convive com esse simp\u00e1tico buldogue, n\u00e3o perde a chance de ench\u00ea-lo de carinhos, beijos, apertos e afagos. \u2014 Morde? \u2014 N\u00e3o, mas [&hellip;]<\/p>\n","protected":false},"author":2,"featured_media":337747,"comment_status":"closed","ping_status":"closed","sticky":false,"template":"","format":"standard","meta":{"_acf_changed":false,"footnotes":""},"categories":[161],"tags":[],"class_list":["post-337746","post","type-post","status-publish","format-standard","has-post-thumbnail","hentry","category-quadradinho-em-foco"],"acf":[],"_links":{"self":[{"href":"https:\/\/www.notibras.com\/site\/wp-json\/wp\/v2\/posts\/337746","targetHints":{"allow":["GET"]}}],"collection":[{"href":"https:\/\/www.notibras.com\/site\/wp-json\/wp\/v2\/posts"}],"about":[{"href":"https:\/\/www.notibras.com\/site\/wp-json\/wp\/v2\/types\/post"}],"author":[{"embeddable":true,"href":"https:\/\/www.notibras.com\/site\/wp-json\/wp\/v2\/users\/2"}],"replies":[{"embeddable":true,"href":"https:\/\/www.notibras.com\/site\/wp-json\/wp\/v2\/comments?post=337746"}],"version-history":[{"count":2,"href":"https:\/\/www.notibras.com\/site\/wp-json\/wp\/v2\/posts\/337746\/revisions"}],"predecessor-version":[{"id":337750,"href":"https:\/\/www.notibras.com\/site\/wp-json\/wp\/v2\/posts\/337746\/revisions\/337750"}],"wp:featuredmedia":[{"embeddable":true,"href":"https:\/\/www.notibras.com\/site\/wp-json\/wp\/v2\/media\/337747"}],"wp:attachment":[{"href":"https:\/\/www.notibras.com\/site\/wp-json\/wp\/v2\/media?parent=337746"}],"wp:term":[{"taxonomy":"category","embeddable":true,"href":"https:\/\/www.notibras.com\/site\/wp-json\/wp\/v2\/categories?post=337746"},{"taxonomy":"post_tag","embeddable":true,"href":"https:\/\/www.notibras.com\/site\/wp-json\/wp\/v2\/tags?post=337746"}],"curies":[{"name":"wp","href":"https:\/\/api.w.org\/{rel}","templated":true}]}}