{"id":337757,"date":"2024-10-02T17:39:40","date_gmt":"2024-10-02T20:39:40","guid":{"rendered":"https:\/\/www.notibras.com\/site\/?p=337757"},"modified":"2024-10-02T17:39:40","modified_gmt":"2024-10-02T20:39:40","slug":"corrida-o-ano-todo-rosa-acontece-no-domingo-6","status":"publish","type":"post","link":"https:\/\/www.notibras.com\/site\/corrida-o-ano-todo-rosa-acontece-no-domingo-6\/","title":{"rendered":"Corrida O Ano Todo Rosa acontece no domingo, 6"},"content":{"rendered":"<p>Com o intuito de alertar a sociedade para os riscos do c\u00e2ncer de mama, al\u00e9m de conscientizar a popula\u00e7\u00e3o para a necessidade da preven\u00e7\u00e3o, a Oncologia D\u2019Or promove, junto ao Parque da Cidade Sarah Kubitschek, a corrida \u201cO Ano Todo Rosa\u201d, em refer\u00eancia ao Outubro Rosa. A atividade acontece no domingo, 6 de outubro, \u00e0s 8h, no estacionamento 7 do Parque da Cidade.<\/p>\n<p>\u201cA Oncologia D\u2019Or tem a preocupa\u00e7\u00e3o de promover, ao longo do ano, eventos de incentivo ao h\u00e1bito saud\u00e1vel. A corrida \u201cO Ano Todo Rosa\u201d tem como objetivo conscientizar a popula\u00e7\u00e3o de que o cuidado na preven\u00e7\u00e3o do c\u00e2ncer de mama deve acontecer todos os dias\u201d, afirma o diretor regional da Oncologia D\u2019Or, Andr\u00e9 Girdwood.<\/p>\n<p>Segundo a oncologista da Oncologia D\u2019Or, Ana Carolina Salles, a realiza\u00e7\u00e3o da mamografia tem importante contribui\u00e7\u00e3o no rastreio do c\u00e2ncer de mama precoce, que muitas vezes n\u00e3o apresenta sinais e sintomas. \u201cQuando falamos em c\u00e2ncer, falamos de uma doen\u00e7a que habitualmente causa muito receio, temor em rela\u00e7\u00e3o a vida. Mas, de fato, tivemos grandes avan\u00e7os no tratamento e podemos dizer que a maioria das pacientes diagnosticadas com a doen\u00e7a inicial ter\u00e1 grandes chances de cura, se submetidas ao tratamento adequado. Diante disso, a recomenda\u00e7\u00e3o da Sociedade Brasileira de Mastologia \u00e9 que, a partir dos 40 anos, as mulheres fa\u00e7am a mamografia anualmente. Isso ajuda a salvar vidas\u201d, explica.<\/p>\n<p>Desde 2022, ao inv\u00e9s de a cada Outubro Rosa lan\u00e7ar uma campanha diferente, a Oncologia D&#8217;Or vem destacando a aten\u00e7\u00e3o ao c\u00e2ncer de mama em uma campanha permanente intitulada &#8220;O ano todo rosa&#8221;, que aborda a import\u00e2ncia da preven\u00e7\u00e3o, redu\u00e7\u00e3o do estresse e a realiza\u00e7\u00e3o de consultas e exames de rotina. A campanha tamb\u00e9m informa sobre diagn\u00f3stico e tratamentos. Tudo isso compartilhado de forma did\u00e1tica e gratuita na landing page atualizada periodicamente por diferentes especialistas de mama e que fica no ar o ano inteiro, para que o acesso a esta informa\u00e7\u00e3o n\u00e3o fique limitada apenas ao m\u00eas de outubro: https:\/\/www.rededorsaoluiz.com.br\/onco\/oncologiador\/campanha\/oanotodorosa.<\/p>\n<p>A corrida \u201cO Ano Todo Rosa\u201d contar\u00e1 com a presen\u00e7a de m\u00e9dicos, pacientes e colaboradores da Oncologia D\u2019Or. \u201cA alimenta\u00e7\u00e3o saud\u00e1vel, pr\u00e1tica de atividade f\u00edsica, evitar o sobrepeso e a obesidade s\u00e3o fatores important\u00edssimos na diminui\u00e7\u00e3o do risco de c\u00e2ncer de mama\u201d, afirma a oncologista Ana Carolina Salles.<\/p>\n","protected":false},"excerpt":{"rendered":"<p>Com o intuito de alertar a sociedade para os riscos do c\u00e2ncer de mama, al\u00e9m de conscientizar a popula\u00e7\u00e3o para a necessidade da preven\u00e7\u00e3o, a Oncologia D\u2019Or promove, junto ao Parque da Cidade Sarah Kubitschek, a corrida \u201cO Ano Todo Rosa\u201d, em refer\u00eancia ao Outubro Rosa. A atividade acontece no domingo, 6 de outubro, \u00e0s [&hellip;]<\/p>\n","protected":false},"author":2,"featured_media":337758,"comment_status":"closed","ping_status":"closed","sticky":false,"template":"","format":"standard","meta":{"_acf_changed":false,"footnotes":""},"categories":[161],"tags":[],"class_list":["post-337757","post","type-post","status-publish","format-standard","has-post-thumbnail","hentry","category-quadradinho-em-foco"],"acf":[],"_links":{"self":[{"href":"https:\/\/www.notibras.com\/site\/wp-json\/wp\/v2\/posts\/337757","targetHints":{"allow":["GET"]}}],"collection":[{"href":"https:\/\/www.notibras.com\/site\/wp-json\/wp\/v2\/posts"}],"about":[{"href":"https:\/\/www.notibras.com\/site\/wp-json\/wp\/v2\/types\/post"}],"author":[{"embeddable":true,"href":"https:\/\/www.notibras.com\/site\/wp-json\/wp\/v2\/users\/2"}],"replies":[{"embeddable":true,"href":"https:\/\/www.notibras.com\/site\/wp-json\/wp\/v2\/comments?post=337757"}],"version-history":[{"count":1,"href":"https:\/\/www.notibras.com\/site\/wp-json\/wp\/v2\/posts\/337757\/revisions"}],"predecessor-version":[{"id":337759,"href":"https:\/\/www.notibras.com\/site\/wp-json\/wp\/v2\/posts\/337757\/revisions\/337759"}],"wp:featuredmedia":[{"embeddable":true,"href":"https:\/\/www.notibras.com\/site\/wp-json\/wp\/v2\/media\/337758"}],"wp:attachment":[{"href":"https:\/\/www.notibras.com\/site\/wp-json\/wp\/v2\/media?parent=337757"}],"wp:term":[{"taxonomy":"category","embeddable":true,"href":"https:\/\/www.notibras.com\/site\/wp-json\/wp\/v2\/categories?post=337757"},{"taxonomy":"post_tag","embeddable":true,"href":"https:\/\/www.notibras.com\/site\/wp-json\/wp\/v2\/tags?post=337757"}],"curies":[{"name":"wp","href":"https:\/\/api.w.org\/{rel}","templated":true}]}}