{"id":337763,"date":"2024-10-02T15:53:13","date_gmt":"2024-10-02T18:53:13","guid":{"rendered":"https:\/\/www.notibras.com\/site\/?p=337763"},"modified":"2024-10-02T17:56:46","modified_gmt":"2024-10-02T20:56:46","slug":"5-encontro-de-graffiti-acontece-neste-fim-de-semana","status":"publish","type":"post","link":"https:\/\/www.notibras.com\/site\/5-encontro-de-graffiti-acontece-neste-fim-de-semana\/","title":{"rendered":"5\u00b0 Encontro de Graffiti acontece neste fim de semana"},"content":{"rendered":"<p>Neste fim de semana, nos dias 5 e 6, Ceil\u00e2ndia vai receber o 5\u00b0 Encontro de Graffiti do Distrito Federal. O evento ser\u00e1 na Pra\u00e7a dos Direitos, das 8h \u00e0s 22h, com atra\u00e7\u00f5es musicais locais e regionais, pinturas de Graffiti ao vivo com os oficineiros e artistas convidados.<\/p>\n<p>Com destaque para os DJs: Ketlen, Jay Lee, Ocimar, Jappa , Marola e Janna Markynhos Smurphies; os rappers: Liberdade Condicional, Coktel Molotov, Rivas Alibi, Tropa de Elite, Combatentes MCs, Crucial e Cia de Dan\u00e7a Pegada Black, o evento ser\u00e1 apresentado por Laiz Cecilia.<\/p>\n<p>No local, artistas de graffiti do DF criar\u00e3o uma galeria a c\u00e9u aberto e tamb\u00e9m participar\u00e3o auxiliando e orientando os jovens na cria\u00e7\u00e3o de murais e instala\u00e7\u00f5es urbanas, promovendo a integra\u00e7\u00e3o entre os jovens, a comunidade e a arte.<\/p>\n<p>O encontro tamb\u00e9m vai oferecer \u00e1rea kids: com espa\u00e7o interativo e educativo para os pequeninos, que tamb\u00e9m poder\u00e3o participar de oficinas de graffitti, aulas de dan\u00e7a, teatro e brinquedos infl\u00e1veis. O evento vai contar ainda com pra\u00e7a de alimenta\u00e7\u00e3o, com uma sele\u00e7\u00e3o deliciosa de food trucks locais.<\/p>\n<p>Criado pelo Instituto Evolui, em parceria com a Secretaria de Cultura do DF, o Encontro ofereceu oficinas gratuitas de Graffitti, Empreendedorismo, DJ, MC e Breaking e Graffiti, na Asa Sul e em Ceil\u00e2ndia. O evento deste s\u00e1bado, 5, ser\u00e1 a conclus\u00e3o do projeto.<\/p>\n<p><strong>Servi\u00e7o:<\/strong><br \/>\n5\u00b0 Encontro de Graffiti do Distrito Federal<br \/>\nData: s\u00e1bado e domingo, (5 e 6), das 8h \u00e0s 22h<br \/>\nLocal: Pra\u00e7a dos Direitos de Ceil\u00e2ndia<\/p>\n","protected":false},"excerpt":{"rendered":"<p>Neste fim de semana, nos dias 5 e 6, Ceil\u00e2ndia vai receber o 5\u00b0 Encontro de Graffiti do Distrito Federal. O evento ser\u00e1 na Pra\u00e7a dos Direitos, das 8h \u00e0s 22h, com atra\u00e7\u00f5es musicais locais e regionais, pinturas de Graffiti ao vivo com os oficineiros e artistas convidados. Com destaque para os DJs: Ketlen, Jay [&hellip;]<\/p>\n","protected":false},"author":2,"featured_media":337764,"comment_status":"closed","ping_status":"closed","sticky":false,"template":"","format":"standard","meta":{"_acf_changed":false,"footnotes":""},"categories":[161],"tags":[],"class_list":["post-337763","post","type-post","status-publish","format-standard","has-post-thumbnail","hentry","category-quadradinho-em-foco"],"acf":[],"_links":{"self":[{"href":"https:\/\/www.notibras.com\/site\/wp-json\/wp\/v2\/posts\/337763","targetHints":{"allow":["GET"]}}],"collection":[{"href":"https:\/\/www.notibras.com\/site\/wp-json\/wp\/v2\/posts"}],"about":[{"href":"https:\/\/www.notibras.com\/site\/wp-json\/wp\/v2\/types\/post"}],"author":[{"embeddable":true,"href":"https:\/\/www.notibras.com\/site\/wp-json\/wp\/v2\/users\/2"}],"replies":[{"embeddable":true,"href":"https:\/\/www.notibras.com\/site\/wp-json\/wp\/v2\/comments?post=337763"}],"version-history":[{"count":1,"href":"https:\/\/www.notibras.com\/site\/wp-json\/wp\/v2\/posts\/337763\/revisions"}],"predecessor-version":[{"id":337765,"href":"https:\/\/www.notibras.com\/site\/wp-json\/wp\/v2\/posts\/337763\/revisions\/337765"}],"wp:featuredmedia":[{"embeddable":true,"href":"https:\/\/www.notibras.com\/site\/wp-json\/wp\/v2\/media\/337764"}],"wp:attachment":[{"href":"https:\/\/www.notibras.com\/site\/wp-json\/wp\/v2\/media?parent=337763"}],"wp:term":[{"taxonomy":"category","embeddable":true,"href":"https:\/\/www.notibras.com\/site\/wp-json\/wp\/v2\/categories?post=337763"},{"taxonomy":"post_tag","embeddable":true,"href":"https:\/\/www.notibras.com\/site\/wp-json\/wp\/v2\/tags?post=337763"}],"curies":[{"name":"wp","href":"https:\/\/api.w.org\/{rel}","templated":true}]}}