{"id":337846,"date":"2024-10-03T00:01:02","date_gmt":"2024-10-03T03:01:02","guid":{"rendered":"https:\/\/www.notibras.com\/site\/?p=337846"},"modified":"2024-10-03T10:21:57","modified_gmt":"2024-10-03T13:21:57","slug":"obras-recuperam-pavimentacao-e-sinalizacao-de-quadras","status":"publish","type":"post","link":"https:\/\/www.notibras.com\/site\/obras-recuperam-pavimentacao-e-sinalizacao-de-quadras\/","title":{"rendered":"Obras recuperam pavimenta\u00e7\u00e3o e sinaliza\u00e7\u00e3o de quadras"},"content":{"rendered":"<p>A Companhia Urbanizadora da Nova Capital (Novacap) atua na melhoria da pavimenta\u00e7\u00e3o e da sinaliza\u00e7\u00e3o em trechos da Asa Sul. A a\u00e7\u00e3o ocorre nas quadras CLS 402\/403, CLS 201\/202 e a L1 Sul, na altura do Setor de Autarquias e nas SQS 202\/402, 203\/403 e 204\/404. As obras iniciaram ainda em agosto e seguem pelas pr\u00f3ximas semanas, sempre durante a noite para minimizar os impactos no tr\u00e2nsito.<\/p>\n<p>Inicialmente, \u00e9 feita a fresagem do pavimento antigo, seguida pelo reparo ou refor\u00e7o da base, quando necess\u00e1rio. Em seguida, aplica-se uma nova camada asf\u00e1ltica. Ap\u00f3s a aplica\u00e7\u00e3o, \u00e9 necess\u00e1rio um per\u00edodo de cura do pavimento, que leva cerca de 15 dias, antes que a sinaliza\u00e7\u00e3o horizontal seja realizada.<\/p>\n<p>O objetivo da Novacap \u00e9 proporcionar conforto e seguran\u00e7a aos condutores, de maneira que n\u00e3o se deparem com buracos, e adequado ao fluxo de ve\u00edculos.<\/p>\n<p>Al\u00e9m desse servi\u00e7o, ocorre um refor\u00e7o visual na sinaliza\u00e7\u00e3o horizontal, aumentando a seguran\u00e7a tanto dos motoristas quanto dos pedestres.<\/p>\n<p>A sinaliza\u00e7\u00e3o est\u00e1 sendo feita com tinta retrorrefletiva \u00e0 base de resina acr\u00edlica, que cont\u00e9m microesferas de vidro, garantindo melhor visibilidade e seguran\u00e7a. Os elementos utilizados incluem a pintura de eixo vi\u00e1rio sobre asfalto com tinta retrorrefletiva, al\u00e9m de tach\u00f5es refletivos dispostos de acordo com a necessidade e projeto de cada trecho.<\/p>\n<p>Tamb\u00e9m s\u00e3o utilizadas tachas refletivas em pl\u00e1stico injetado, tipo I, e a pintura de setas e zebras usam termopl\u00e1stico, com espessura de 3 mm. A revitaliza\u00e7\u00e3o da sinaliza\u00e7\u00e3o abrange tamb\u00e9m as faixas de pedestres. A opera\u00e7\u00e3o conta com o apoio do Detran-DF, que auxilia na organiza\u00e7\u00e3o do tr\u00e2nsito.<\/p>\n","protected":false},"excerpt":{"rendered":"<p>A Companhia Urbanizadora da Nova Capital (Novacap) atua na melhoria da pavimenta\u00e7\u00e3o e da sinaliza\u00e7\u00e3o em trechos da Asa Sul. A a\u00e7\u00e3o ocorre nas quadras CLS 402\/403, CLS 201\/202 e a L1 Sul, na altura do Setor de Autarquias e nas SQS 202\/402, 203\/403 e 204\/404. As obras iniciaram ainda em agosto e seguem pelas [&hellip;]<\/p>\n","protected":false},"author":2,"featured_media":337847,"comment_status":"closed","ping_status":"closed","sticky":false,"template":"","format":"standard","meta":{"_acf_changed":false,"footnotes":""},"categories":[161],"tags":[],"class_list":["post-337846","post","type-post","status-publish","format-standard","has-post-thumbnail","hentry","category-quadradinho-em-foco"],"acf":[],"_links":{"self":[{"href":"https:\/\/www.notibras.com\/site\/wp-json\/wp\/v2\/posts\/337846","targetHints":{"allow":["GET"]}}],"collection":[{"href":"https:\/\/www.notibras.com\/site\/wp-json\/wp\/v2\/posts"}],"about":[{"href":"https:\/\/www.notibras.com\/site\/wp-json\/wp\/v2\/types\/post"}],"author":[{"embeddable":true,"href":"https:\/\/www.notibras.com\/site\/wp-json\/wp\/v2\/users\/2"}],"replies":[{"embeddable":true,"href":"https:\/\/www.notibras.com\/site\/wp-json\/wp\/v2\/comments?post=337846"}],"version-history":[{"count":1,"href":"https:\/\/www.notibras.com\/site\/wp-json\/wp\/v2\/posts\/337846\/revisions"}],"predecessor-version":[{"id":337848,"href":"https:\/\/www.notibras.com\/site\/wp-json\/wp\/v2\/posts\/337846\/revisions\/337848"}],"wp:featuredmedia":[{"embeddable":true,"href":"https:\/\/www.notibras.com\/site\/wp-json\/wp\/v2\/media\/337847"}],"wp:attachment":[{"href":"https:\/\/www.notibras.com\/site\/wp-json\/wp\/v2\/media?parent=337846"}],"wp:term":[{"taxonomy":"category","embeddable":true,"href":"https:\/\/www.notibras.com\/site\/wp-json\/wp\/v2\/categories?post=337846"},{"taxonomy":"post_tag","embeddable":true,"href":"https:\/\/www.notibras.com\/site\/wp-json\/wp\/v2\/tags?post=337846"}],"curies":[{"name":"wp","href":"https:\/\/api.w.org\/{rel}","templated":true}]}}