{"id":337855,"date":"2024-10-03T11:58:48","date_gmt":"2024-10-03T14:58:48","guid":{"rendered":"https:\/\/www.notibras.com\/site\/?p=337855"},"modified":"2024-10-03T13:03:09","modified_gmt":"2024-10-03T16:03:09","slug":"lewandowski-proibe-a-prf-de-bloquear-vias-durante-as-eleicoes","status":"publish","type":"post","link":"https:\/\/www.notibras.com\/site\/lewandowski-proibe-a-prf-de-bloquear-vias-durante-as-eleicoes\/","title":{"rendered":"Lewandowski pro\u00edbe a PRF de bloquear vias durante as elei\u00e7\u00f5es"},"content":{"rendered":"<p>O ministro da Justi\u00e7a e Seguran\u00e7a P\u00fablica (MJSP), Ricardo Lewandowski, afirmou que a Pol\u00edcia Rodovi\u00e1ria Federal (PRF) est\u00e1 proibida de fazer bloqueios em estradas durante as elei\u00e7\u00f5es municipais marcadas para domingo (6). Segundo ele, a institui\u00e7\u00e3o dever\u00e1 atuar para facilitar a movimenta\u00e7\u00e3o dos eleitores, conforme termo de colabora\u00e7\u00e3o firmado entre o minist\u00e9rio e o Tribunal Superior Eleitoral (TSE). Caso haja necessidade de bloqueio em fun\u00e7\u00e3o de algum incidente, por exemplo, a PRF ter\u00e1 a atribui\u00e7\u00e3o de organizar caminhos alternativos.<\/p>\n<p>&#8220;A Pol\u00edcia Rodovi\u00e1ria Federal est\u00e1 proibida de fazer qualquer bloqueio em estradas&#8221;, afirmou Lewandowki, durante entrevista ao programa Bom Dia, Ministro, destacando que a corpora\u00e7\u00e3o tamb\u00e9m est\u00e1 orientada a reprimir crimes eleitorais.<\/p>\n<p>&#8220;Temos todo um aparato montado, de prontid\u00e3o para intervir localmente, se necess\u00e1rio, a pedido do juiz eleitoral local&#8221;, diz o ministro, observando que, nesse caso, o juiz local ganha autoridade federal para agir.<\/p>\n<p>Lewandowki destacou que o governo federal tem trabalhado em conjunto com o TSE para assegurar a tranquilidade das elei\u00e7\u00f5es municipais.<\/p>\n<p>Ele afirmou que ningu\u00e9m poder\u00e1 portar armas 48 horas antes nem 24 horas depois das elei\u00e7\u00f5es. Isso, segundo o ministro, para que os eleitores se sintam &#8220;livres de constrangimentos&#8221; na hora de exercer seu direito e sua vontade na urna.<\/p>\n<p>Ainda segundo ele, o TSE vem aperfei\u00e7oando o combate \u00e0 prolifera\u00e7\u00e3o de desinforma\u00e7\u00e3o e fake news. Ele cita ainda o papel das pol\u00edcias militares para coibir os crimes eleitorais \u2013 e alerta que esse tipo de crime, como coa\u00e7\u00e3o, compra de votos, abuso de poder econ\u00f4mico, tem classifica\u00e7\u00e3o de crime federal, por atentar contra a pr\u00f3pria democracia.<\/p>\n","protected":false},"excerpt":{"rendered":"<p>O ministro da Justi\u00e7a e Seguran\u00e7a P\u00fablica (MJSP), Ricardo Lewandowski, afirmou que a Pol\u00edcia Rodovi\u00e1ria Federal (PRF) est\u00e1 proibida de fazer bloqueios em estradas durante as elei\u00e7\u00f5es municipais marcadas para domingo (6). Segundo ele, a institui\u00e7\u00e3o dever\u00e1 atuar para facilitar a movimenta\u00e7\u00e3o dos eleitores, conforme termo de colabora\u00e7\u00e3o firmado entre o minist\u00e9rio e o Tribunal [&hellip;]<\/p>\n","protected":false},"author":2,"featured_media":337856,"comment_status":"closed","ping_status":"closed","sticky":false,"template":"","format":"standard","meta":{"_acf_changed":false,"footnotes":""},"categories":[165],"tags":[95],"class_list":["post-337855","post","type-post","status-publish","format-standard","has-post-thumbnail","hentry","category-nordeste","tag-capa"],"acf":[],"_links":{"self":[{"href":"https:\/\/www.notibras.com\/site\/wp-json\/wp\/v2\/posts\/337855","targetHints":{"allow":["GET"]}}],"collection":[{"href":"https:\/\/www.notibras.com\/site\/wp-json\/wp\/v2\/posts"}],"about":[{"href":"https:\/\/www.notibras.com\/site\/wp-json\/wp\/v2\/types\/post"}],"author":[{"embeddable":true,"href":"https:\/\/www.notibras.com\/site\/wp-json\/wp\/v2\/users\/2"}],"replies":[{"embeddable":true,"href":"https:\/\/www.notibras.com\/site\/wp-json\/wp\/v2\/comments?post=337855"}],"version-history":[{"count":3,"href":"https:\/\/www.notibras.com\/site\/wp-json\/wp\/v2\/posts\/337855\/revisions"}],"predecessor-version":[{"id":337859,"href":"https:\/\/www.notibras.com\/site\/wp-json\/wp\/v2\/posts\/337855\/revisions\/337859"}],"wp:featuredmedia":[{"embeddable":true,"href":"https:\/\/www.notibras.com\/site\/wp-json\/wp\/v2\/media\/337856"}],"wp:attachment":[{"href":"https:\/\/www.notibras.com\/site\/wp-json\/wp\/v2\/media?parent=337855"}],"wp:term":[{"taxonomy":"category","embeddable":true,"href":"https:\/\/www.notibras.com\/site\/wp-json\/wp\/v2\/categories?post=337855"},{"taxonomy":"post_tag","embeddable":true,"href":"https:\/\/www.notibras.com\/site\/wp-json\/wp\/v2\/tags?post=337855"}],"curies":[{"name":"wp","href":"https:\/\/api.w.org\/{rel}","templated":true}]}}