{"id":337875,"date":"2024-10-04T07:36:01","date_gmt":"2024-10-04T10:36:01","guid":{"rendered":"https:\/\/www.notibras.com\/site\/?p=337875"},"modified":"2024-10-04T07:39:41","modified_gmt":"2024-10-04T10:39:41","slug":"quando-almeidinha-irado-disse-xo-para-paulistas","status":"publish","type":"post","link":"https:\/\/www.notibras.com\/site\/quando-almeidinha-irado-disse-xo-para-paulistas\/","title":{"rendered":"Quando Almeidinha, irado, disse x\u00f4 para paulistas"},"content":{"rendered":"<p>Esta hist\u00f3ria, confesso, hesitei contar por algum tempo. No entanto, resolvi escrever sobre o ocorrido, mesmo que isso possa ferir os sentimentos de alguns. Mas que seja, pois isso realmente aconteceu e, obviamente, n\u00e3o cabe a mim mudar os fatos simplesmente para agradar fulano ou sicrano.<\/p>\n<p>L\u00e1 est\u00e1vamos minha esposa, a Dona Irene, e eu com alguns amigos, sentados \u00e0 mesa de um bar em Copacabana. Quando o teor alc\u00f3olico j\u00e1 era capaz de quebrar qualquer baf\u00f4metro, chegou um outro conhecido, o Almeidinha. A minha mulher, que adora a companhia dele, puxou uma cadeira para que o nosso colega pudesse se sentar ao seu lado.<\/p>\n<p>Conversa vem, conversa vai, todos na mesa j\u00e1 estavam inebriados pelo humor sarc\u00e1stico do Almeidinha. A Dona Irene, ent\u00e3o, perguntou para o nosso amigo onde ele iria passar o r\u00e9veillon, quando aconteceu esse pequeno interl\u00fadio:<\/p>\n<p>\u2014 Sei l\u00e1, mas n\u00e3o vai ser aqui!<\/p>\n<p>\u2014 N\u00e3o?<\/p>\n<p>\u2014 N\u00e3o!<\/p>\n<p>\u2014 Ah, Almeidinha, Copa tem o melhor r\u00e9veillon do mundo!<\/p>\n<p>\u2014 Tinha! Tinha!!! &#8211; disse o Almeidinha, com o dedo indicador da m\u00e3o direita erguido, quase se levantando da cadeira.<\/p>\n<p>\u2014 E por que n\u00e3o tem mais?<\/p>\n<p>\u2014 Desde que houve aquele acidente em que morreu uma pessoa, a queima de fogos deixou de ser na areia e passou a ser nas barcas. Ficou uma droga!<\/p>\n<p>\u2014 Mas, Almeidinha, assim \u00e9 mais seguro, evita acidentes.<\/p>\n<p>\u2014 E voc\u00ea sabe quem morreu?<\/p>\n<p>\u2014 N\u00e3o. Quem?<\/p>\n<p>\u2014 Um paulista!!! Pode isso? Mudaram o r\u00e9veillon carioca por causa de um paulista! Gente, que falta faz um paulista no mundo?<\/p>\n<p><strong>*Eduardo Mart\u00ednez \u00e9 autor do livro \u201c57 Contos e Cr\u00f4nicas por um Autor muito Velho\u201d.<\/strong><\/p>\n<p>Compre aqui\u00a0<span class=\"x19la9d6 x1fc57z9 x6ikm8r x10wlt62 x19co3pv x1g5zs5t xfibh0p xiy17q3 x1xsqp64 x1lkfr7t xexx8yu x4uap5 x18d9i69 xkhd6sd\"><span class=\"xrtxmta x1bhl96m\"><img decoding=\"async\" class=\"emoji\" role=\"img\" draggable=\"false\" src=\"https:\/\/s.w.org\/images\/core\/emoji\/14.0.0\/svg\/1f447-1f3ff.svg\" alt=\"&#x1f447;&#x1f3ff;\" \/><\/span><\/span><span class=\"x19la9d6 x1fc57z9 x6ikm8r x10wlt62 x19co3pv x1g5zs5t xfibh0p xiy17q3 x1xsqp64 x1lkfr7t xexx8yu x4uap5 x18d9i69 xkhd6sd\"><span class=\"xrtxmta x1bhl96m\"><img decoding=\"async\" class=\"emoji\" role=\"img\" draggable=\"false\" src=\"https:\/\/s.w.org\/images\/core\/emoji\/14.0.0\/svg\/1f447-1f3ff.svg\" alt=\"&#x1f447;&#x1f3ff;\" \/><\/span><\/span><span class=\"x19la9d6 x1fc57z9 x6ikm8r x10wlt62 x19co3pv x1g5zs5t xfibh0p xiy17q3 x1xsqp64 x1lkfr7t xexx8yu x4uap5 x18d9i69 xkhd6sd\"><span class=\"xrtxmta x1bhl96m\"><img decoding=\"async\" class=\"emoji\" role=\"img\" draggable=\"false\" src=\"https:\/\/s.w.org\/images\/core\/emoji\/14.0.0\/svg\/1f447-1f3ff.svg\" alt=\"&#x1f447;&#x1f3ff;\" \/><\/span><\/span><\/p>\n<p><a href=\"http:\/\/www.joanineditora.com.br\/57-contos-e-cronicas-por-um-autor-muito-velho\">http:\/\/www.joanineditora.com.br\/57-contos-e-cronicas-por-um-autor-muito-velho<\/a><\/p>\n","protected":false},"excerpt":{"rendered":"<p>Esta hist\u00f3ria, confesso, hesitei contar por algum tempo. No entanto, resolvi escrever sobre o ocorrido, mesmo que isso possa ferir os sentimentos de alguns. Mas que seja, pois isso realmente aconteceu e, obviamente, n\u00e3o cabe a mim mudar os fatos simplesmente para agradar fulano ou sicrano. L\u00e1 est\u00e1vamos minha esposa, a Dona Irene, e eu [&hellip;]<\/p>\n","protected":false},"author":2,"featured_media":337876,"comment_status":"closed","ping_status":"closed","sticky":false,"template":"","format":"standard","meta":{"_acf_changed":false,"footnotes":""},"categories":[161],"tags":[],"class_list":["post-337875","post","type-post","status-publish","format-standard","has-post-thumbnail","hentry","category-quadradinho-em-foco"],"acf":[],"_links":{"self":[{"href":"https:\/\/www.notibras.com\/site\/wp-json\/wp\/v2\/posts\/337875","targetHints":{"allow":["GET"]}}],"collection":[{"href":"https:\/\/www.notibras.com\/site\/wp-json\/wp\/v2\/posts"}],"about":[{"href":"https:\/\/www.notibras.com\/site\/wp-json\/wp\/v2\/types\/post"}],"author":[{"embeddable":true,"href":"https:\/\/www.notibras.com\/site\/wp-json\/wp\/v2\/users\/2"}],"replies":[{"embeddable":true,"href":"https:\/\/www.notibras.com\/site\/wp-json\/wp\/v2\/comments?post=337875"}],"version-history":[{"count":3,"href":"https:\/\/www.notibras.com\/site\/wp-json\/wp\/v2\/posts\/337875\/revisions"}],"predecessor-version":[{"id":337879,"href":"https:\/\/www.notibras.com\/site\/wp-json\/wp\/v2\/posts\/337875\/revisions\/337879"}],"wp:featuredmedia":[{"embeddable":true,"href":"https:\/\/www.notibras.com\/site\/wp-json\/wp\/v2\/media\/337876"}],"wp:attachment":[{"href":"https:\/\/www.notibras.com\/site\/wp-json\/wp\/v2\/media?parent=337875"}],"wp:term":[{"taxonomy":"category","embeddable":true,"href":"https:\/\/www.notibras.com\/site\/wp-json\/wp\/v2\/categories?post=337875"},{"taxonomy":"post_tag","embeddable":true,"href":"https:\/\/www.notibras.com\/site\/wp-json\/wp\/v2\/tags?post=337875"}],"curies":[{"name":"wp","href":"https:\/\/api.w.org\/{rel}","templated":true}]}}