{"id":337888,"date":"2024-10-04T00:39:45","date_gmt":"2024-10-04T03:39:45","guid":{"rendered":"https:\/\/www.notibras.com\/site\/?p=337888"},"modified":"2024-10-04T08:44:19","modified_gmt":"2024-10-04T11:44:19","slug":"eleicao-la-fora-tera-influencia-direta-aqui-no-futuro","status":"publish","type":"post","link":"https:\/\/www.notibras.com\/site\/eleicao-la-fora-tera-influencia-direta-aqui-no-futuro\/","title":{"rendered":"Elei\u00e7\u00e3o l\u00e1 fora ter\u00e1 influ\u00eancia direta aqui no futuro"},"content":{"rendered":"<p>Temos \u00e0 frente um final de semana enriquecido por uma important\u00edssima decis\u00e3o. N\u00e3o \u00e9 demais dizer que dificilmente a esmagadora maioria de n\u00f3s ter\u00e1 tido no ano decis\u00e3o com o mesmo peso. A exce\u00e7\u00e3o s\u00e3o os moradores de Bras\u00edlia, como \u00e9 o meu caso, e os de Fernando de Noronha. A esses \u00e9 negado esse direito. Nos demais 5.568 munic\u00edpios do Pa\u00eds, brasileiros e brasileiras v\u00e3o votar para vereadores e prefeitos.<\/p>\n<p>Trata-se de escolher quem ter\u00e1 a responsabilidade das decis\u00f5es sobre as quest\u00f5es de interesse local. Como a manuten\u00e7\u00e3o da educa\u00e7\u00e3o infantil e do ensino fundamental e, juntamente com os estados e a Uni\u00e3o, da sa\u00fade p\u00fablica. Mas, supletivamente, tamb\u00e9m a seguran\u00e7a p\u00fablica no que se refere a fun\u00e7\u00f5es que lhe cabem.<\/p>\n<p>Al\u00e9m disso, legislar sobre uma longa lista de quest\u00f5es, como: a concess\u00e3o do servi\u00e7o de transporte coletivo local; a presta\u00e7\u00e3o do servi\u00e7o funer\u00e1rio; a do fornecimento de \u00e1gua e esgoto; o hor\u00e1rio do com\u00e9rcio e outros estabelecimentos privados de atendimento ao p\u00fablico; as quest\u00f5es relativas ao meio ambiente nas cidades; a manuten\u00e7\u00e3o das vias urbanas; e o funcionamento dos \u00f3rg\u00e3os municipais; entre outras.<\/p>\n<p>Mas, ao elegermos prefeitos e vereadores n\u00e3o estaremos apenas dispondo o que desejamos como nossa qualidade de vida. \u00c9 por isso que a elei\u00e7\u00e3o de prefeitos e vereadores interessam tamb\u00e9m aos que n\u00e3o iremos votar neste fim de semana.<\/p>\n<p>As prefeitas e os prefeitos, as vereadoras e os vereadores ter\u00e3o enorme influ\u00eancia, daqui a dois anos, na escolha de deputados estaduais e federais, senadores, governadores e presidente da Rep\u00fablica. E a\u00ed reside uma enorme diferen\u00e7a entre os candidatos e as candidatas que ser\u00e3o agora eleitos.<\/p>\n<p>Quem acompanha, por exemplo, o funcionamento do Congresso Nacional, as leis que s\u00e3o aprovadas e as que sequer s\u00e3o votadas consegue identificar claramente a import\u00e2ncia da elei\u00e7\u00e3o de deputados e senadores de partidos historicamente alinhados com os interesses populares. Ou a daqueles que utilizam os seus mandatos para aprovar leis que favorecem os produtores rurais, os grandes empres\u00e1rios ou at\u00e9 interesses de enormes conglomerados econ\u00f4micos internacionais.<\/p>\n<p>\u00c9 quando se distinguem os pol\u00edticos de partidos como o PT e os que defendem os mesmos interesses e quem est\u00e1 sempre do lado das elites, dos mais ricos. Este \u00e9 o motivo para n\u00f3s, os moradores de Bras\u00edlia, n\u00e3o deixarmos de participar dessa elei\u00e7\u00e3o de prefeitos e vereadores.<\/p>\n<p>Se n\u00e3o vamos votar, podemos conversar com nossos amigos e familiares que vivem em outros munic\u00edpios, como fa\u00e7o agora, alertando-os sobre a oportunidade que esta elei\u00e7\u00e3o oferece, de criarmos condi\u00e7\u00f5es para que o Brasil tenha, a partir de 2026, um Congresso Nacional muito mais voltado para os interesses populares. E, claro, a depender do voto de cada uma e cada um de n\u00f3s, o risco de termos deputados e senadores como a grande maioria dos atuais. Mais interessados em atender quem tiver financiado as suas campanhas ou aproveitar para obter vantagens pessoais.<\/p>\n<p>Pensem portanto que cada um de voc\u00eas pode fazer parte desse grande movimento. Vamos, j\u00e1 agora, mudar a qualidade de nossa representa\u00e7\u00e3o no Congresso Nacional. Em vez de pol\u00edticos que usam os mandatos para enriquecerem ou aumentar o patrim\u00f4nio, vamos escolher prefeitos ou prefeitas, vereadores ou vereadores com tradi\u00e7\u00e3o de participarem das lutas dos trabalhadores e que, portanto, v\u00e3o fortalecer as campanhas de gente como eles, que ter\u00e3o o compromisso de usarem os seus mandatos para defenderem interesses como os nossos.<\/p>\n<p>Um bom palpite \u00e9 votar em candidatas ou candidatos do PT ou de partidos que t\u00eam a mesma tradi\u00e7\u00e3o de luta.<\/p>\n","protected":false},"excerpt":{"rendered":"<p>Temos \u00e0 frente um final de semana enriquecido por uma important\u00edssima decis\u00e3o. N\u00e3o \u00e9 demais dizer que dificilmente a esmagadora maioria de n\u00f3s ter\u00e1 tido no ano decis\u00e3o com o mesmo peso. A exce\u00e7\u00e3o s\u00e3o os moradores de Bras\u00edlia, como \u00e9 o meu caso, e os de Fernando de Noronha. A esses \u00e9 negado esse [&hellip;]<\/p>\n","protected":false},"author":2,"featured_media":57974,"comment_status":"closed","ping_status":"closed","sticky":false,"template":"","format":"standard","meta":{"_acf_changed":false,"footnotes":""},"categories":[161],"tags":[],"class_list":["post-337888","post","type-post","status-publish","format-standard","has-post-thumbnail","hentry","category-quadradinho-em-foco"],"acf":[],"_links":{"self":[{"href":"https:\/\/www.notibras.com\/site\/wp-json\/wp\/v2\/posts\/337888","targetHints":{"allow":["GET"]}}],"collection":[{"href":"https:\/\/www.notibras.com\/site\/wp-json\/wp\/v2\/posts"}],"about":[{"href":"https:\/\/www.notibras.com\/site\/wp-json\/wp\/v2\/types\/post"}],"author":[{"embeddable":true,"href":"https:\/\/www.notibras.com\/site\/wp-json\/wp\/v2\/users\/2"}],"replies":[{"embeddable":true,"href":"https:\/\/www.notibras.com\/site\/wp-json\/wp\/v2\/comments?post=337888"}],"version-history":[{"count":1,"href":"https:\/\/www.notibras.com\/site\/wp-json\/wp\/v2\/posts\/337888\/revisions"}],"predecessor-version":[{"id":337889,"href":"https:\/\/www.notibras.com\/site\/wp-json\/wp\/v2\/posts\/337888\/revisions\/337889"}],"wp:featuredmedia":[{"embeddable":true,"href":"https:\/\/www.notibras.com\/site\/wp-json\/wp\/v2\/media\/57974"}],"wp:attachment":[{"href":"https:\/\/www.notibras.com\/site\/wp-json\/wp\/v2\/media?parent=337888"}],"wp:term":[{"taxonomy":"category","embeddable":true,"href":"https:\/\/www.notibras.com\/site\/wp-json\/wp\/v2\/categories?post=337888"},{"taxonomy":"post_tag","embeddable":true,"href":"https:\/\/www.notibras.com\/site\/wp-json\/wp\/v2\/tags?post=337888"}],"curies":[{"name":"wp","href":"https:\/\/api.w.org\/{rel}","templated":true}]}}