{"id":337912,"date":"2024-10-05T04:41:50","date_gmt":"2024-10-05T07:41:50","guid":{"rendered":"https:\/\/www.notibras.com\/site\/?p=337912"},"modified":"2024-10-05T04:41:50","modified_gmt":"2024-10-05T07:41:50","slug":"se-e-doce-morrer-no-mar-e-suave-ouvir-a-onda-vibrar","status":"publish","type":"post","link":"https:\/\/www.notibras.com\/site\/se-e-doce-morrer-no-mar-e-suave-ouvir-a-onda-vibrar\/","title":{"rendered":"Se \u00e9 doce morrer no mar, \u00e9 suave ouvir a onda vibrar"},"content":{"rendered":"<p>N\u00e3o \u00e9 como passar uma tarde em Itapo\u00e3; \u00e9 viver o in\u00edcio de uma noite memor\u00e1vel em Itapuama. A reprodu\u00e7\u00e3o sonora de artistas de tempos h\u00e1 bastante idos desperta entre amigos uma profunda nostalgia. As vozes dos &#8216;cantores de r\u00e1dio&#8217; ecoam enquanto as ondas lambem a areia fina, e a Lua, com uma t\u00edmida luz minguante, faz de espelho o mar tranquilo, refletindo todo o mist\u00e9rio que h\u00e1 l\u00e1 em cima.<\/p>\n<p>Na noite c\u00e1lida, um grupo de amigos, entrela\u00e7ados por uma nova amizade que se mostra como antiga e inquebrant\u00e1vel, se re\u00fane em mesas dispostas debaixo do coqueiral. O cheiro do sal mistura-se ao som suave da cantoria, que aos poucos preenche o ambiente com uma melodia conhecida de todos.<\/p>\n<p>Foi como se o tempo tivesse recuado e estacionado. Cada acorde trazia \u00e0 tona lembran\u00e7as de ver\u00f5es passados, de risos juvenis e amores de ver\u00e3o, daqueles que ficam gravados no peito. O ar, \u00famido e c\u00e1lido, estava carregado de mem\u00f3rias e promessas de eternidade. O grupo, j\u00e1 n\u00e3o t\u00e3o jovem, mas com os cora\u00e7\u00f5es que transportam \u00e0 inf\u00e2ncia, come\u00e7a a cantarolar can\u00e7\u00f5es ouvidas por pais e av\u00f3s, que haviam marcado suas hist\u00f3rias.<\/p>\n<p>A m\u00fasica n\u00e3o foi apenas uma trilha sonora para essa noite; era a ponte que os ligava a momentos h\u00e1 muito vividos, mas jamais esquecidos. Entre uma can\u00e7\u00e3o e outra, conversas sobre os tempos de escola, as aventuras de quando o mundo parecia menor e a vida, eterna.<\/p>\n<p>Cada onda que chegava \u00e0 praia parecia uma dan\u00e7a coreografada pela natureza, uma sinfonia silenciosa que toca no ritmo do vento e das mar\u00e9s. Os coqueiros, altos e esguios, se inclinavam suavemente, como se estivessem cumprimentando o mar, enquanto as luzes distantes de Enseada dos Corais piscavam no horizonte, testemunhando a quietude que dominava a noite.<\/p>\n<p>O cheiro salgado do mar preenche o ar, misturado com o aroma suave das plantas nativas que crescem no litoral; uma fragr\u00e2ncia que traz \u00e0 mem\u00f3ria a simplicidade da vida junto \u00e0 natureza, um convite ao descanso e \u00e0 contempla\u00e7\u00e3o.<\/p>\n<p>Sob a ab\u00f3bada celeste, o mundo parecia maior, o tempo desacelerava, e o l\u00fadico encontrava espa\u00e7o nos pequenos detalhes: uma estrela cadente riscando o c\u00e9u, o voo inesperado de uma gaivota solit\u00e1ria, ou o som ritmado do bater das ondas, como quebrando segredos para ouvidos atentos.<\/p>\n<p>O tempo marcado nos ponteiros dos rel\u00f3gios era irrelevante. Existia apenas o presente, pontuado pelo passado. A nostalgia n\u00e3o era um peso, mas um aconchego, uma lembran\u00e7a de que, mesmo com o passar dos anos, algumas coisas permanecem inalteradas. A amizade, o amor pelas coisas simples da vida e a beleza de uma noite \u00e0 beira-mar.<\/p>\n<p>Enquanto as estrelas iluminavam o c\u00e9u, um \u00faltimo acorde ressoou, e o sil\u00eancio tomou conta do grupo por alguns segundos. N\u00e3o era o fim de uma noite qualquer, mas o in\u00edcio de mais uma lembran\u00e7a que no futuro, por certo, ser\u00e1 evocada com o mesmo carinho e saudade. Como todas as noites antol\u00f3gicas, o encontro ser\u00e1 recordado n\u00e3o pela quantidade de horas, mas pela intensidade com que foi vivido.<\/p>\n","protected":false},"excerpt":{"rendered":"<p>N\u00e3o \u00e9 como passar uma tarde em Itapo\u00e3; \u00e9 viver o in\u00edcio de uma noite memor\u00e1vel em Itapuama. A reprodu\u00e7\u00e3o sonora de artistas de tempos h\u00e1 bastante idos desperta entre amigos uma profunda nostalgia. As vozes dos &#8216;cantores de r\u00e1dio&#8217; ecoam enquanto as ondas lambem a areia fina, e a Lua, com uma t\u00edmida luz [&hellip;]<\/p>\n","protected":false},"author":2,"featured_media":337913,"comment_status":"closed","ping_status":"closed","sticky":false,"template":"","format":"standard","meta":{"_acf_changed":false,"footnotes":""},"categories":[165],"tags":[],"class_list":["post-337912","post","type-post","status-publish","format-standard","has-post-thumbnail","hentry","category-nordeste"],"acf":[],"_links":{"self":[{"href":"https:\/\/www.notibras.com\/site\/wp-json\/wp\/v2\/posts\/337912","targetHints":{"allow":["GET"]}}],"collection":[{"href":"https:\/\/www.notibras.com\/site\/wp-json\/wp\/v2\/posts"}],"about":[{"href":"https:\/\/www.notibras.com\/site\/wp-json\/wp\/v2\/types\/post"}],"author":[{"embeddable":true,"href":"https:\/\/www.notibras.com\/site\/wp-json\/wp\/v2\/users\/2"}],"replies":[{"embeddable":true,"href":"https:\/\/www.notibras.com\/site\/wp-json\/wp\/v2\/comments?post=337912"}],"version-history":[{"count":1,"href":"https:\/\/www.notibras.com\/site\/wp-json\/wp\/v2\/posts\/337912\/revisions"}],"predecessor-version":[{"id":337914,"href":"https:\/\/www.notibras.com\/site\/wp-json\/wp\/v2\/posts\/337912\/revisions\/337914"}],"wp:featuredmedia":[{"embeddable":true,"href":"https:\/\/www.notibras.com\/site\/wp-json\/wp\/v2\/media\/337913"}],"wp:attachment":[{"href":"https:\/\/www.notibras.com\/site\/wp-json\/wp\/v2\/media?parent=337912"}],"wp:term":[{"taxonomy":"category","embeddable":true,"href":"https:\/\/www.notibras.com\/site\/wp-json\/wp\/v2\/categories?post=337912"},{"taxonomy":"post_tag","embeddable":true,"href":"https:\/\/www.notibras.com\/site\/wp-json\/wp\/v2\/tags?post=337912"}],"curies":[{"name":"wp","href":"https:\/\/api.w.org\/{rel}","templated":true}]}}