{"id":337923,"date":"2024-10-05T06:05:58","date_gmt":"2024-10-05T09:05:58","guid":{"rendered":"https:\/\/www.notibras.com\/site\/?p=337923"},"modified":"2024-10-05T06:13:03","modified_gmt":"2024-10-05T09:13:03","slug":"quem-tem-sabedoria-tem-tudo-ou-prefere-o-escalpe","status":"publish","type":"post","link":"https:\/\/www.notibras.com\/site\/quem-tem-sabedoria-tem-tudo-ou-prefere-o-escalpe\/","title":{"rendered":"Quem tem sabedoria tem tudo; ou prefere o escalpe?"},"content":{"rendered":"<p>Uma das maiores bobagens que considero \u00e9 algu\u00e9m querer impor que a palavra doutor s\u00f3 pode ser usada por aqueles indiv\u00edduos que possuem doutorado. E, antes que algu\u00e9m venha aqui tentar atrapalhar o meu racioc\u00ednio, deixe-me, por favor, expor as minhas ideias. Ali\u00e1s, voc\u00ea vai querer me ouvir ou vai ficar a\u00ed repetindo a mesma ladainha que encaixotaram na sua cabe\u00e7a?<\/p>\n<p>Pois bem, a palavra doutor vem de uma outra, menor em tamanho, mas t\u00e3o ou ainda mais importante, que \u00e9 douto. Voc\u00ea sabe o que \u00e9 douto? Douto quer dizer sabedoria, conhecimento e mais uma p\u00e1 de coisas. Ent\u00e3o, o que temos at\u00e9 aqui \u00e9 que doutor veio de douto, n\u00e3o o contr\u00e1rio.<\/p>\n<p>J\u00e1 doutorado, segundo o dicion\u00e1rio, \u00e9 a gradua\u00e7\u00e3o de doutor. Ih, me pegou!!! N\u00e3o exatamente, pois isso \u00e9 no \u00e2mbito acad\u00eamico. Ou seja, n\u00e3o \u00e9 porque as universidades utilizam a palavra doutor apenas para quem fez doutorado, que n\u00e3o podemos utiliz\u00e1-la para todos aqueles que possuem vasto conhecimento em qualquer \u00e1rea, seja ela qual for. Isso mesmo!!! Simplesmente porque j\u00e1 existia, muito antes, uma palavrinha chamada douto, que deu origem \u00e0 outra, que, por sua vez, tamb\u00e9m pariu uma terceira.<\/p>\n<p>Obviamente, h\u00e1 a utiliza\u00e7\u00e3o acad\u00eamica da palavra doutor, que \u00e9 um t\u00edtulo muito dif\u00edcil de ser conquistado e, naturalmente, deve ser enaltecido. N\u00e3o estou aqui para falar mal das universidades, j\u00e1 que, sem o conhecimento produzido e repassado por elas, continuaremos a ser uma col\u00f4nia exportadora de soja at\u00e9 que todo o meio ambiente brasileiro seja degradado, como temos visto, especialmente nos \u00faltimos anos. No entanto, cismo em chamar de doutor, por exemplo, um ind\u00edgena com vastos saberes sobre sua cultura.<\/p>\n<p><strong>*Eduardo Mart\u00ednez \u00e9 autor do livro \u201c57 Contos e Cr\u00f4nicas por um Autor muito Velho\u201d.<\/strong><\/p>\n<p>Compre aqui\u00a0<span class=\"x19la9d6 x1fc57z9 x6ikm8r x10wlt62 x19co3pv x1g5zs5t xfibh0p xiy17q3 x1xsqp64 x1lkfr7t xexx8yu x4uap5 x18d9i69 xkhd6sd\"><span class=\"xrtxmta x1bhl96m\"><img decoding=\"async\" class=\"emoji\" role=\"img\" draggable=\"false\" src=\"https:\/\/s.w.org\/images\/core\/emoji\/14.0.0\/svg\/1f447-1f3ff.svg\" alt=\"&#x1f447;&#x1f3ff;\" \/><\/span><\/span><span class=\"x19la9d6 x1fc57z9 x6ikm8r x10wlt62 x19co3pv x1g5zs5t xfibh0p xiy17q3 x1xsqp64 x1lkfr7t xexx8yu x4uap5 x18d9i69 xkhd6sd\"><span class=\"xrtxmta x1bhl96m\"><img decoding=\"async\" class=\"emoji\" role=\"img\" draggable=\"false\" src=\"https:\/\/s.w.org\/images\/core\/emoji\/14.0.0\/svg\/1f447-1f3ff.svg\" alt=\"&#x1f447;&#x1f3ff;\" \/><\/span><\/span><span class=\"x19la9d6 x1fc57z9 x6ikm8r x10wlt62 x19co3pv x1g5zs5t xfibh0p xiy17q3 x1xsqp64 x1lkfr7t xexx8yu x4uap5 x18d9i69 xkhd6sd\"><span class=\"xrtxmta x1bhl96m\"><img decoding=\"async\" class=\"emoji\" role=\"img\" draggable=\"false\" src=\"https:\/\/s.w.org\/images\/core\/emoji\/14.0.0\/svg\/1f447-1f3ff.svg\" alt=\"&#x1f447;&#x1f3ff;\" \/><\/span><\/span><\/p>\n<p><a href=\"http:\/\/www.joanineditora.com.br\/57-contos-e-cronicas-por-um-autor-muito-velho\">http:\/\/www.joanineditora.com.br\/57-contos-e-cronicas-por-um-autor-muito-velho<\/a><\/p>\n","protected":false},"excerpt":{"rendered":"<p>Uma das maiores bobagens que considero \u00e9 algu\u00e9m querer impor que a palavra doutor s\u00f3 pode ser usada por aqueles indiv\u00edduos que possuem doutorado. E, antes que algu\u00e9m venha aqui tentar atrapalhar o meu racioc\u00ednio, deixe-me, por favor, expor as minhas ideias. Ali\u00e1s, voc\u00ea vai querer me ouvir ou vai ficar a\u00ed repetindo a mesma [&hellip;]<\/p>\n","protected":false},"author":2,"featured_media":337925,"comment_status":"closed","ping_status":"closed","sticky":false,"template":"","format":"standard","meta":{"_acf_changed":false,"footnotes":""},"categories":[161],"tags":[],"class_list":["post-337923","post","type-post","status-publish","format-standard","has-post-thumbnail","hentry","category-quadradinho-em-foco"],"acf":[],"_links":{"self":[{"href":"https:\/\/www.notibras.com\/site\/wp-json\/wp\/v2\/posts\/337923","targetHints":{"allow":["GET"]}}],"collection":[{"href":"https:\/\/www.notibras.com\/site\/wp-json\/wp\/v2\/posts"}],"about":[{"href":"https:\/\/www.notibras.com\/site\/wp-json\/wp\/v2\/types\/post"}],"author":[{"embeddable":true,"href":"https:\/\/www.notibras.com\/site\/wp-json\/wp\/v2\/users\/2"}],"replies":[{"embeddable":true,"href":"https:\/\/www.notibras.com\/site\/wp-json\/wp\/v2\/comments?post=337923"}],"version-history":[{"count":2,"href":"https:\/\/www.notibras.com\/site\/wp-json\/wp\/v2\/posts\/337923\/revisions"}],"predecessor-version":[{"id":337930,"href":"https:\/\/www.notibras.com\/site\/wp-json\/wp\/v2\/posts\/337923\/revisions\/337930"}],"wp:featuredmedia":[{"embeddable":true,"href":"https:\/\/www.notibras.com\/site\/wp-json\/wp\/v2\/media\/337925"}],"wp:attachment":[{"href":"https:\/\/www.notibras.com\/site\/wp-json\/wp\/v2\/media?parent=337923"}],"wp:term":[{"taxonomy":"category","embeddable":true,"href":"https:\/\/www.notibras.com\/site\/wp-json\/wp\/v2\/categories?post=337923"},{"taxonomy":"post_tag","embeddable":true,"href":"https:\/\/www.notibras.com\/site\/wp-json\/wp\/v2\/tags?post=337923"}],"curies":[{"name":"wp","href":"https:\/\/api.w.org\/{rel}","templated":true}]}}