{"id":337927,"date":"2024-10-05T00:09:49","date_gmt":"2024-10-05T03:09:49","guid":{"rendered":"https:\/\/www.notibras.com\/site\/?p=337927"},"modified":"2024-10-05T06:11:48","modified_gmt":"2024-10-05T09:11:48","slug":"brasilia-registra-na-sexta-feira-recorde-historico-de-seca","status":"publish","type":"post","link":"https:\/\/www.notibras.com\/site\/brasilia-registra-na-sexta-feira-recorde-historico-de-seca\/","title":{"rendered":"Bras\u00edlia registra na sexta-feira recorde hist\u00f3rico de seca"},"content":{"rendered":"<p>Nesta sexta-feira (4), Bras\u00edlia bateu o recorde hist\u00f3rico de seca, com 164 dias sem chuvas, superando em um dia o recorde anterior, que era de 1963.<\/p>\n<p>O Instituto Nacional de Meteorologia (Inmet) acionou o alerta laranja &#8211; de perigo &#8211; para baixa umidade no Distrito Federal com previs\u00e3o de 15% nas horas mais quentes.<\/p>\n<p>Al\u00e9m do DF, o instituto tamb\u00e9m registrou o alerta em sete estados: Goi\u00e1s, Piau\u00ed, Pernambuco, Minas Gerais, Mato Grosso do Sul e S\u00e3o Paulo.<\/p>\n<p>Um levantamento do Instituto Nacional de Pesquisas Espaciais (Inpe) constatou aumento de 269% nos focos de queimada no DF este ano, com 75 mil em setembro.<\/p>\n<p>O Inmet recomenda que a popula\u00e7\u00e3o beba mais l\u00edquidos e evite atividades f\u00edsicas e exposi\u00e7\u00e3o ao sol nas horas mais quentes do dia, das 10h \u00e0s 16h. Tamb\u00e9m \u00e9 importante que as pessoas intensifiquem o uso de hidratantes e umidifiquem os ambientes.<\/p>\n","protected":false},"excerpt":{"rendered":"<p>Nesta sexta-feira (4), Bras\u00edlia bateu o recorde hist\u00f3rico de seca, com 164 dias sem chuvas, superando em um dia o recorde anterior, que era de 1963. O Instituto Nacional de Meteorologia (Inmet) acionou o alerta laranja &#8211; de perigo &#8211; para baixa umidade no Distrito Federal com previs\u00e3o de 15% nas horas mais quentes. Al\u00e9m [&hellip;]<\/p>\n","protected":false},"author":2,"featured_media":337928,"comment_status":"closed","ping_status":"closed","sticky":false,"template":"","format":"standard","meta":{"_acf_changed":false,"footnotes":""},"categories":[161],"tags":[],"class_list":["post-337927","post","type-post","status-publish","format-standard","has-post-thumbnail","hentry","category-quadradinho-em-foco"],"acf":[],"_links":{"self":[{"href":"https:\/\/www.notibras.com\/site\/wp-json\/wp\/v2\/posts\/337927","targetHints":{"allow":["GET"]}}],"collection":[{"href":"https:\/\/www.notibras.com\/site\/wp-json\/wp\/v2\/posts"}],"about":[{"href":"https:\/\/www.notibras.com\/site\/wp-json\/wp\/v2\/types\/post"}],"author":[{"embeddable":true,"href":"https:\/\/www.notibras.com\/site\/wp-json\/wp\/v2\/users\/2"}],"replies":[{"embeddable":true,"href":"https:\/\/www.notibras.com\/site\/wp-json\/wp\/v2\/comments?post=337927"}],"version-history":[{"count":1,"href":"https:\/\/www.notibras.com\/site\/wp-json\/wp\/v2\/posts\/337927\/revisions"}],"predecessor-version":[{"id":337929,"href":"https:\/\/www.notibras.com\/site\/wp-json\/wp\/v2\/posts\/337927\/revisions\/337929"}],"wp:featuredmedia":[{"embeddable":true,"href":"https:\/\/www.notibras.com\/site\/wp-json\/wp\/v2\/media\/337928"}],"wp:attachment":[{"href":"https:\/\/www.notibras.com\/site\/wp-json\/wp\/v2\/media?parent=337927"}],"wp:term":[{"taxonomy":"category","embeddable":true,"href":"https:\/\/www.notibras.com\/site\/wp-json\/wp\/v2\/categories?post=337927"},{"taxonomy":"post_tag","embeddable":true,"href":"https:\/\/www.notibras.com\/site\/wp-json\/wp\/v2\/tags?post=337927"}],"curies":[{"name":"wp","href":"https:\/\/api.w.org\/{rel}","templated":true}]}}