{"id":337962,"date":"2024-10-05T04:02:36","date_gmt":"2024-10-05T07:02:36","guid":{"rendered":"https:\/\/www.notibras.com\/site\/?p=337962"},"modified":"2024-10-05T09:04:28","modified_gmt":"2024-10-05T12:04:28","slug":"capitais-nordestinas-matam-70-mais-jovens-que-rio-de-janeiro","status":"publish","type":"post","link":"https:\/\/www.notibras.com\/site\/capitais-nordestinas-matam-70-mais-jovens-que-rio-de-janeiro\/","title":{"rendered":"Capitais nordestinas matam 70% mais jovens que Rio de Janeiro"},"content":{"rendered":"<p>As capitais nordestinas matam cerca de 70% mais jovens do que a cidade do Rio de Janeiro, que costuma estar nos notici\u00e1rios com cenas de viol\u00eancia e tiroteios. A m\u00e9dia das noves capitais nordestinas registra taxa de homic\u00eddio de jovens de 15 a 29 anos de 165,4 a cada 100 mil habitantes, enquanto a capital fluminense registra 97,5 assassinato de jovens a cada 100 mil.<\/p>\n<p>A taxa de homic\u00eddio nacional, para todas as faixas et\u00e1rias, ficou em 22,8 a cada 100 mil habitantes em 2023, segundo o F\u00f3rum Brasileiro da Seguran\u00e7a P\u00fablica. Essa taxa \u00e9 quase quatro vezes maior do que a taxa mundial. Segundo a ONU, s\u00e3o 5,8 homic\u00eddios por 100 mil pessoas no mundo.<\/p>\n<p>No domingo (6), os eleitores das capitais nordestinas v\u00e3o \u00e0s urnas em meio \u00e0 extrema viol\u00eancia contra a juventude. Segundo especialista consultado pela Ag\u00eancia Brasil, apesar dos governos estaduais terem maior responsabilidade com a seguran\u00e7a p\u00fablica, as prefeituras podem e devem atuar na preven\u00e7\u00e3o \u00e0 viol\u00eancia.<\/p>\n<p>O coordenador de rela\u00e7\u00f5es institucionais do Instituto Cidades Sustent\u00e1veis, o soci\u00f3logo Igor Pantoja, lamenta que a maioria das candidaturas \u00e0 prefeitura foca apenas em propostas para fortalecer as guardas municipais, que s\u00e3o as for\u00e7as de seguran\u00e7a ligadas \u00e0s autoridades municipais.<\/p>\n<p>\u201cTem muitas coisas que o munic\u00edpio pode fazer. \u00c9 de responsabilidade do munic\u00edpio agir na preven\u00e7\u00e3o \u00e0 viol\u00eancia. Ele pode atuar nas escolas, nas unidades de sa\u00fade, com a assist\u00eancia social, e com o acompanhamento das medidas socioeducativas de crian\u00e7as e adolescentes em conflito com a lei, que \u00e9 responsabilidade municipal\u201d, destacou.<\/p>\n<p>Todas as nove capitais do Nordeste est\u00e3o entre as mais mortais do pa\u00eds para a juventude. Das doze capitais com maior \u00edndice de homic\u00eddio contra jovens de 15 a 29 anos, nove est\u00e3o no Nordeste.<\/p>\n<p>A pior de todas \u00e9 a capital baiana, Salvador, onde s\u00e3o assassinados 332 jovens a cada 100 mil habitantes. Recife vem em seguida com 202 homic\u00eddios a cada 100 mil habitantes. Os dados foram sistematizados pelo Instituto Cidades Sustent\u00e1veis com base nas informa\u00e7\u00f5es do DataSUS, do Minist\u00e9rio da Sa\u00fade.<\/p>\n<p>A capital nordestina com o melhor \u00edndice \u00e9 S\u00e3o Lu\u00eds (MA), que ocupa a 15\u00aa posi\u00e7\u00e3o dentre as 26 capitais que v\u00e3o as urnas no pr\u00f3ximo domingo (6). A capital maranhense registra 120 jovens assassinados a cada 100 mil habitantes.<\/p>\n<p>Para se ter uma ideia, a cidade de S\u00e3o Paulo (SP) tem taxa de homic\u00eddio para essa faixa et\u00e1ria de 7,7 jovens a cada 100 mil, ficando com a melhor posi\u00e7\u00e3o no ranking das capitais. Em Belo Horizonte (MG), s\u00e3o 58,8 jovens assassinados a cada 100 mil.<\/p>\n<p><strong>Assist\u00eancia Social<\/strong><br \/>\nO soci\u00f3logo Igor Pantoja destaca que as prefeituras costumam negligenciar o acompanhamento dos jovens em conflito com a lei. \u201cEsses jovens tem uma alt\u00edssima taxa de reincid\u00eancia, de agravamento, inclusive, dos crimes que os jovens est\u00e3o cometendo\u201d, comentou.<\/p>\n<p>De acordo com o especialista, os eleitores podem cobrar mais recursos e investimentos para assist\u00eancia social dos munic\u00edpios como forma de combater a viol\u00eancia nas cidades.<\/p>\n<p>\u201cQuando uma fam\u00edlia, principalmente as mulheres, vai procurar um equipamento de assist\u00eancia social, esse equipamento, muitas vezes, n\u00e3o consegue resolver as quest\u00f5es que a fam\u00edlia apresenta, inclusive as quest\u00f5es com a viol\u00eancia. \u00c9 preciso contratar mais profissionais nessa \u00e1rea\u201d, afirmou.<\/p>\n<p>As escolas e as unidades de sa\u00fade s\u00e3o outros espa\u00e7os das prefeituras que os eleitores podem cobrar para que se fa\u00e7a um trabalho de preven\u00e7\u00e3o contra a viol\u00eancia.<\/p>\n<p>\u201cA identifica\u00e7\u00e3o da viol\u00eancia pela assist\u00eancia social, pela sa\u00fade, pelas escolas, \u00e9 a porta de entrada, vamos dizer assim, para voc\u00ea conseguir lidar com essa viol\u00eancia antes que ela vire um homic\u00eddio\u201d, completou Igor Pantoja.<\/p>\n","protected":false},"excerpt":{"rendered":"<p>As capitais nordestinas matam cerca de 70% mais jovens do que a cidade do Rio de Janeiro, que costuma estar nos notici\u00e1rios com cenas de viol\u00eancia e tiroteios. A m\u00e9dia das noves capitais nordestinas registra taxa de homic\u00eddio de jovens de 15 a 29 anos de 165,4 a cada 100 mil habitantes, enquanto a capital [&hellip;]<\/p>\n","protected":false},"author":2,"featured_media":337963,"comment_status":"closed","ping_status":"closed","sticky":false,"template":"","format":"standard","meta":{"_acf_changed":false,"footnotes":""},"categories":[165],"tags":[],"class_list":["post-337962","post","type-post","status-publish","format-standard","has-post-thumbnail","hentry","category-nordeste"],"acf":[],"_links":{"self":[{"href":"https:\/\/www.notibras.com\/site\/wp-json\/wp\/v2\/posts\/337962","targetHints":{"allow":["GET"]}}],"collection":[{"href":"https:\/\/www.notibras.com\/site\/wp-json\/wp\/v2\/posts"}],"about":[{"href":"https:\/\/www.notibras.com\/site\/wp-json\/wp\/v2\/types\/post"}],"author":[{"embeddable":true,"href":"https:\/\/www.notibras.com\/site\/wp-json\/wp\/v2\/users\/2"}],"replies":[{"embeddable":true,"href":"https:\/\/www.notibras.com\/site\/wp-json\/wp\/v2\/comments?post=337962"}],"version-history":[{"count":1,"href":"https:\/\/www.notibras.com\/site\/wp-json\/wp\/v2\/posts\/337962\/revisions"}],"predecessor-version":[{"id":337964,"href":"https:\/\/www.notibras.com\/site\/wp-json\/wp\/v2\/posts\/337962\/revisions\/337964"}],"wp:featuredmedia":[{"embeddable":true,"href":"https:\/\/www.notibras.com\/site\/wp-json\/wp\/v2\/media\/337963"}],"wp:attachment":[{"href":"https:\/\/www.notibras.com\/site\/wp-json\/wp\/v2\/media?parent=337962"}],"wp:term":[{"taxonomy":"category","embeddable":true,"href":"https:\/\/www.notibras.com\/site\/wp-json\/wp\/v2\/categories?post=337962"},{"taxonomy":"post_tag","embeddable":true,"href":"https:\/\/www.notibras.com\/site\/wp-json\/wp\/v2\/tags?post=337962"}],"curies":[{"name":"wp","href":"https:\/\/api.w.org\/{rel}","templated":true}]}}