{"id":33797,"date":"2015-01-12T15:21:12","date_gmt":"2015-01-12T18:21:12","guid":{"rendered":"http:\/\/www.notibras.com\/site\/?p=33797"},"modified":"2015-01-13T06:33:38","modified_gmt":"2015-01-13T09:33:38","slug":"ta-fo-irmao-vao-me-sequestrar-avisa-a-policia-relato-de-brasileiro-no-whatsapp-encontrado-morto-no-mexico","status":"publish","type":"post","link":"https:\/\/www.notibras.com\/site\/ta-fo-irmao-vao-me-sequestrar-avisa-a-policia-relato-de-brasileiro-no-whatsapp-encontrado-morto-no-mexico\/","title":{"rendered":"&#8216;T\u00e1 fo** irm\u00e3o. Sujou. V\u00e3o me sequestrar&#8217;. Relato em Canc\u00fan de brasileiro antes de morrer"},"content":{"rendered":"<blockquote><p>\u201cIrm\u00e3o, estou para ser sequestrado por aquela amiga da Marqueti, a russa. T\u00e1 muito fo**, tem muita gente, t\u00e1 muito estranho, cara. E avise a pol\u00edcia federal. T\u00f4 muito f**, entendeu? T\u00f4 muito f**.<\/p><\/blockquote>\n<p>Esse \u00e9 um trecho de uma grava\u00e7\u00e3o no Whatsapp de um jovem brasileiro que desapareceu e logo em seguida foi encontrado morto em Canc\u00fan, no M\u00e9xico. As causas da morte s\u00e3o desconhecidas, mas suspeita-se se sequestro.<\/p>\n<p class=\"text\">Dealberto Jorge Silva era do Paran\u00e1. Ele viajou ao M\u00e9xico no dia 2 de janeiro, para o casamento de um amigo. O brasileiro estava acompanhado do irm\u00e3o Fernando, que est\u00e1\u00a0\u2018escondido\u2019.<\/p>\n<p class=\"text\">A fam\u00edlia mora em Jaragu\u00e1 do Sul e ainda n\u00e3o sabe o que aconteceu com Dealberto e n\u00e3o tem informa\u00e7\u00f5es detalhadas sobre o que teria causado sua\u00a0morte. Alguns jornais locais e imprensa online afirmam que ele teria ca\u00eddo de 12\u00ba andar de um resort, mas os amigos da fam\u00edlia n\u00e3o confirmaram a informa\u00e7\u00e3o.<\/p>\n<p class=\"text\">\u201cAchamos estranho essa informa\u00e7\u00e3o do resort, porque ela primeiramente surgiu em um jornal do estado dizendo que a embaixada\u00a0confirmou, mas eles n\u00e3o falaram nada ainda\u201d, afirma uma das amigas.<\/p>\n<p class=\"text\">Sobre o fato de terem se envolvido em brigas, que foi uma das causas levantadas na imprensa para um poss\u00edvel sequestro seguido de morte, as fontes contactadas\u00a0disseram duvidar. \u201cOs dois eram homens maduros, n\u00e3o eram moleques. S\u00e3o estranhas essas especula\u00e7\u00f5es de terem se envolvido em briga. As informa\u00e7\u00f5es est\u00e3o todas desencontradas\u201d, afirmaram.<\/p>\n<blockquote>\n<p class=\"text\">Em um \u00e1udio de Whatsapp, que circula pela internet, que, supostamente, Dealberto teria gravado, ele teria citado uma mulher russa. \u201cIrm\u00e3o, estou para ser sequestrado por aquela amiga da Marqueti, a russa. T\u00e1 muito fo**, tem muita gente, t\u00e1 muito estranho, cara. E avise a pol\u00edcia federal. T\u00f4 muito f**, entendeu? T\u00f4 muito f**. Estou passando em frente ao hotel De Royal, em Canc\u00fan, praia del Carmen, e est\u00e1 todo mundo me olhando. J\u00e1 t\u00e1 vindo carro. Tem alguma coisa estranha, muito estranha. Ent\u00e3o, s\u00f3 avise a imigra\u00e7\u00e3o que estou com problemas. Avise a pol\u00edcia. Muito estranho\u201d, diz a mensagem.<\/p>\n<\/blockquote>\n<p class=\"text\">Ningu\u00e9m sabe quando o \u00e1udio teria sido gravado, nem a data de morte do brasileiro. A \u00faltima mensagem postada no Facebook pelos irm\u00e3os foi no dia 7 de janeiro, tr\u00eas dias depois da data do casamento do amigo.<\/p>\n<p class=\"text\">\u201cOs amigos dos meninos j\u00e1 voltaram para o Brasil. Voltaram na sexta-feira. Os dois voltariam hoje\u201d, conta outra amiga da fam\u00edlia. \u201cNingu\u00e9m nem sabe qual dia Dealberto teria morrido. Ainda estamos aguardando pelas informa\u00e7\u00f5es, \u00e9 um momento dif\u00edcil\u201d, diz.<\/p>\n<p class=\"text\">Segundo as fontes, no \u00faltimo contato realizado por Fernando \u00e0 sua m\u00e3e, Marina, entre este domingo e segunda-feira, ele teria falado que estava bem e n\u00e3o deu informa\u00e7\u00f5es sobre sua localiza\u00e7\u00e3o ou detalhes do que teria acontecido. \u201cEle disse que estava bem. Ela est\u00e1 em choque e bastante apreensiva porque n\u00e3o tem informa\u00e7\u00f5es sobre onde o filho est\u00e1\u201d, disse uma amiga da fam\u00edlia que preferiu n\u00e3o se identificar.<\/p>\n","protected":false},"excerpt":{"rendered":"<p>\u201cIrm\u00e3o, estou para ser sequestrado por aquela amiga da Marqueti, a russa. T\u00e1 muito fo**, tem muita gente, t\u00e1 muito estranho, cara. E avise a pol\u00edcia federal. T\u00f4 muito f**, entendeu? T\u00f4 muito f**. Esse \u00e9 um trecho de uma grava\u00e7\u00e3o no Whatsapp de um jovem brasileiro que desapareceu e logo em seguida foi encontrado [&hellip;]<\/p>\n","protected":false},"author":2,"featured_media":33798,"comment_status":"open","ping_status":"closed","sticky":false,"template":"","format":"standard","meta":{"_acf_changed":false,"footnotes":""},"categories":[16],"tags":[],"class_list":["post-33797","post","type-post","status-publish","format-standard","has-post-thumbnail","hentry","category-brasil"],"acf":[],"yoast_head":"<!-- This site is optimized with the Yoast SEO plugin v27.2 - https:\/\/yoast.com\/product\/yoast-seo-wordpress\/ -->\n<title>&#039;T\u00e1 fo** irm\u00e3o. Sujou. V\u00e3o me sequestrar&#039;. Relato em Canc\u00fan de brasileiro antes de morrer - Notibras<\/title>\n<meta name=\"robots\" content=\"index, follow, max-snippet:-1, max-image-preview:large, max-video-preview:-1\" \/>\n<link rel=\"canonical\" href=\"https:\/\/www.notibras.com\/site\/ta-fo-irmao-vao-me-sequestrar-avisa-a-policia-relato-de-brasileiro-no-whatsapp-encontrado-morto-no-mexico\/\" \/>\n<meta property=\"og:locale\" content=\"pt_BR\" \/>\n<meta property=\"og:type\" content=\"article\" \/>\n<meta property=\"og:title\" content=\"&#039;T\u00e1 fo** irm\u00e3o. Sujou. V\u00e3o me sequestrar&#039;. Relato em Canc\u00fan de brasileiro antes de morrer - Notibras\" \/>\n<meta property=\"og:description\" content=\"\u201cIrm\u00e3o, estou para ser sequestrado por aquela amiga da Marqueti, a russa. T\u00e1 muito fo**, tem muita gente, t\u00e1 muito estranho, cara. E avise a pol\u00edcia federal. T\u00f4 muito f**, entendeu? T\u00f4 muito f**. Esse \u00e9 um trecho de uma grava\u00e7\u00e3o no Whatsapp de um jovem brasileiro que desapareceu e logo em seguida foi encontrado [&hellip;]\" \/>\n<meta property=\"og:url\" content=\"https:\/\/www.notibras.com\/site\/ta-fo-irmao-vao-me-sequestrar-avisa-a-policia-relato-de-brasileiro-no-whatsapp-encontrado-morto-no-mexico\/\" \/>\n<meta property=\"og:site_name\" content=\"Notibras\" \/>\n<meta property=\"article:publisher\" content=\"https:\/\/www.facebook.com\/notibras\/\" \/>\n<meta property=\"article:published_time\" content=\"2015-01-12T18:21:12+00:00\" \/>\n<meta property=\"article:modified_time\" content=\"2015-01-13T09:33:38+00:00\" \/>\n<meta property=\"og:image\" content=\"https:\/\/www.notibras.com\/site\/wp-content\/uploads\/2015\/01\/mexicobrasileiro-mortofacebook.jpg\" \/>\n\t<meta property=\"og:image:width\" content=\"460\" \/>\n\t<meta property=\"og:image:height\" content=\"340\" \/>\n\t<meta property=\"og:image:type\" content=\"image\/jpeg\" \/>\n<meta name=\"author\" content=\"Reda\u00e7\u00e3o\" \/>\n<meta name=\"twitter:card\" content=\"summary_large_image\" \/>\n<meta name=\"twitter:creator\" content=\"@Notibras\" \/>\n<meta name=\"twitter:site\" content=\"@Notibras\" \/>\n<meta name=\"twitter:label1\" content=\"Escrito por\" \/>\n\t<meta name=\"twitter:data1\" content=\"Reda\u00e7\u00e3o\" \/>\n\t<meta name=\"twitter:label2\" content=\"Est. tempo de leitura\" \/>\n\t<meta name=\"twitter:data2\" content=\"3 minutos\" \/>\n<script type=\"application\/ld+json\" class=\"yoast-schema-graph\">{\"@context\":\"https:\/\/schema.org\",\"@graph\":[{\"@type\":\"Article\",\"@id\":\"https:\/\/www.notibras.com\/site\/ta-fo-irmao-vao-me-sequestrar-avisa-a-policia-relato-de-brasileiro-no-whatsapp-encontrado-morto-no-mexico\/#article\",\"isPartOf\":{\"@id\":\"https:\/\/www.notibras.com\/site\/ta-fo-irmao-vao-me-sequestrar-avisa-a-policia-relato-de-brasileiro-no-whatsapp-encontrado-morto-no-mexico\/\"},\"author\":{\"name\":\"Reda\u00e7\u00e3o\",\"@id\":\"https:\/\/www.notibras.com\/site\/#\/schema\/person\/36ab0979449956132d3e5b517ea76ac8\"},\"headline\":\"&#8216;T\u00e1 fo** irm\u00e3o. Sujou. V\u00e3o me sequestrar&#8217;. Relato em Canc\u00fan de brasileiro antes de morrer\",\"datePublished\":\"2015-01-12T18:21:12+00:00\",\"dateModified\":\"2015-01-13T09:33:38+00:00\",\"mainEntityOfPage\":{\"@id\":\"https:\/\/www.notibras.com\/site\/ta-fo-irmao-vao-me-sequestrar-avisa-a-policia-relato-de-brasileiro-no-whatsapp-encontrado-morto-no-mexico\/\"},\"wordCount\":540,\"commentCount\":0,\"publisher\":{\"@id\":\"https:\/\/www.notibras.com\/site\/#organization\"},\"image\":{\"@id\":\"https:\/\/www.notibras.com\/site\/ta-fo-irmao-vao-me-sequestrar-avisa-a-policia-relato-de-brasileiro-no-whatsapp-encontrado-morto-no-mexico\/#primaryimage\"},\"thumbnailUrl\":\"https:\/\/www.notibras.com\/site\/wp-content\/uploads\/2015\/01\/mexicobrasileiro-mortofacebook.jpg\",\"articleSection\":[\"Brasil\"],\"inLanguage\":\"pt-BR\",\"potentialAction\":[{\"@type\":\"CommentAction\",\"name\":\"Comment\",\"target\":[\"https:\/\/www.notibras.com\/site\/ta-fo-irmao-vao-me-sequestrar-avisa-a-policia-relato-de-brasileiro-no-whatsapp-encontrado-morto-no-mexico\/#respond\"]}]},{\"@type\":\"WebPage\",\"@id\":\"https:\/\/www.notibras.com\/site\/ta-fo-irmao-vao-me-sequestrar-avisa-a-policia-relato-de-brasileiro-no-whatsapp-encontrado-morto-no-mexico\/\",\"url\":\"https:\/\/www.notibras.com\/site\/ta-fo-irmao-vao-me-sequestrar-avisa-a-policia-relato-de-brasileiro-no-whatsapp-encontrado-morto-no-mexico\/\",\"name\":\"'T\u00e1 fo** irm\u00e3o. Sujou. V\u00e3o me sequestrar'. Relato em Canc\u00fan de brasileiro antes de morrer - Notibras\",\"isPartOf\":{\"@id\":\"https:\/\/www.notibras.com\/site\/#website\"},\"primaryImageOfPage\":{\"@id\":\"https:\/\/www.notibras.com\/site\/ta-fo-irmao-vao-me-sequestrar-avisa-a-policia-relato-de-brasileiro-no-whatsapp-encontrado-morto-no-mexico\/#primaryimage\"},\"image\":{\"@id\":\"https:\/\/www.notibras.com\/site\/ta-fo-irmao-vao-me-sequestrar-avisa-a-policia-relato-de-brasileiro-no-whatsapp-encontrado-morto-no-mexico\/#primaryimage\"},\"thumbnailUrl\":\"https:\/\/www.notibras.com\/site\/wp-content\/uploads\/2015\/01\/mexicobrasileiro-mortofacebook.jpg\",\"datePublished\":\"2015-01-12T18:21:12+00:00\",\"dateModified\":\"2015-01-13T09:33:38+00:00\",\"breadcrumb\":{\"@id\":\"https:\/\/www.notibras.com\/site\/ta-fo-irmao-vao-me-sequestrar-avisa-a-policia-relato-de-brasileiro-no-whatsapp-encontrado-morto-no-mexico\/#breadcrumb\"},\"inLanguage\":\"pt-BR\",\"potentialAction\":[{\"@type\":\"ReadAction\",\"target\":[\"https:\/\/www.notibras.com\/site\/ta-fo-irmao-vao-me-sequestrar-avisa-a-policia-relato-de-brasileiro-no-whatsapp-encontrado-morto-no-mexico\/\"]}]},{\"@type\":\"ImageObject\",\"inLanguage\":\"pt-BR\",\"@id\":\"https:\/\/www.notibras.com\/site\/ta-fo-irmao-vao-me-sequestrar-avisa-a-policia-relato-de-brasileiro-no-whatsapp-encontrado-morto-no-mexico\/#primaryimage\",\"url\":\"https:\/\/www.notibras.com\/site\/wp-content\/uploads\/2015\/01\/mexicobrasileiro-mortofacebook.jpg\",\"contentUrl\":\"https:\/\/www.notibras.com\/site\/wp-content\/uploads\/2015\/01\/mexicobrasileiro-mortofacebook.jpg\",\"width\":460,\"height\":340},{\"@type\":\"BreadcrumbList\",\"@id\":\"https:\/\/www.notibras.com\/site\/ta-fo-irmao-vao-me-sequestrar-avisa-a-policia-relato-de-brasileiro-no-whatsapp-encontrado-morto-no-mexico\/#breadcrumb\",\"itemListElement\":[{\"@type\":\"ListItem\",\"position\":1,\"name\":\"In\u00edcio\",\"item\":\"https:\/\/www.notibras.com\/site\/\"},{\"@type\":\"ListItem\",\"position\":2,\"name\":\"&#8216;T\u00e1 fo** irm\u00e3o. Sujou. V\u00e3o me sequestrar&#8217;. Relato em Canc\u00fan de brasileiro antes de morrer\"}]},{\"@type\":\"WebSite\",\"@id\":\"https:\/\/www.notibras.com\/site\/#website\",\"url\":\"https:\/\/www.notibras.com\/site\/\",\"name\":\"Notibras\",\"description\":\"Not\u00edcias de Bras\u00edlia, do Brasil e do Mundo\",\"publisher\":{\"@id\":\"https:\/\/www.notibras.com\/site\/#organization\"},\"potentialAction\":[{\"@type\":\"SearchAction\",\"target\":{\"@type\":\"EntryPoint\",\"urlTemplate\":\"https:\/\/www.notibras.com\/site\/?s={search_term_string}\"},\"query-input\":{\"@type\":\"PropertyValueSpecification\",\"valueRequired\":true,\"valueName\":\"search_term_string\"}}],\"inLanguage\":\"pt-BR\"},{\"@type\":\"Organization\",\"@id\":\"https:\/\/www.notibras.com\/site\/#organization\",\"name\":\"Grupo Notibras de Comunica\u00e7\u00e3o\",\"url\":\"https:\/\/www.notibras.com\/site\/\",\"logo\":{\"@type\":\"ImageObject\",\"inLanguage\":\"pt-BR\",\"@id\":\"https:\/\/www.notibras.com\/site\/#\/schema\/logo\/image\/\",\"url\":\"https:\/\/www.notibras.com\/site\/wp-content\/uploads\/2023\/01\/notibras23.png\",\"contentUrl\":\"https:\/\/www.notibras.com\/site\/wp-content\/uploads\/2023\/01\/notibras23.png\",\"width\":350,\"height\":87,\"caption\":\"Grupo Notibras de Comunica\u00e7\u00e3o\"},\"image\":{\"@id\":\"https:\/\/www.notibras.com\/site\/#\/schema\/logo\/image\/\"},\"sameAs\":[\"https:\/\/www.facebook.com\/notibras\/\",\"https:\/\/x.com\/Notibras\",\"https:\/\/www.instagram.com\/notibras\/\"]},{\"@type\":\"Person\",\"@id\":\"https:\/\/www.notibras.com\/site\/#\/schema\/person\/36ab0979449956132d3e5b517ea76ac8\",\"name\":\"Reda\u00e7\u00e3o\",\"image\":{\"@type\":\"ImageObject\",\"inLanguage\":\"pt-BR\",\"@id\":\"https:\/\/secure.gravatar.com\/avatar\/e0a867bdedb85fd243eadf09663511f96fc81e0720a4a42581f334ad4303aa6b?s=96&d=mm&r=g\",\"url\":\"https:\/\/secure.gravatar.com\/avatar\/e0a867bdedb85fd243eadf09663511f96fc81e0720a4a42581f334ad4303aa6b?s=96&d=mm&r=g\",\"contentUrl\":\"https:\/\/secure.gravatar.com\/avatar\/e0a867bdedb85fd243eadf09663511f96fc81e0720a4a42581f334ad4303aa6b?s=96&d=mm&r=g\",\"caption\":\"Reda\u00e7\u00e3o\"}}]}<\/script>\n<!-- \/ Yoast SEO plugin. -->","yoast_head_json":{"title":"'T\u00e1 fo** irm\u00e3o. Sujou. V\u00e3o me sequestrar'. Relato em Canc\u00fan de brasileiro antes de morrer - Notibras","robots":{"index":"index","follow":"follow","max-snippet":"max-snippet:-1","max-image-preview":"max-image-preview:large","max-video-preview":"max-video-preview:-1"},"canonical":"https:\/\/www.notibras.com\/site\/ta-fo-irmao-vao-me-sequestrar-avisa-a-policia-relato-de-brasileiro-no-whatsapp-encontrado-morto-no-mexico\/","og_locale":"pt_BR","og_type":"article","og_title":"'T\u00e1 fo** irm\u00e3o. Sujou. V\u00e3o me sequestrar'. Relato em Canc\u00fan de brasileiro antes de morrer - Notibras","og_description":"\u201cIrm\u00e3o, estou para ser sequestrado por aquela amiga da Marqueti, a russa. T\u00e1 muito fo**, tem muita gente, t\u00e1 muito estranho, cara. E avise a pol\u00edcia federal. T\u00f4 muito f**, entendeu? T\u00f4 muito f**. Esse \u00e9 um trecho de uma grava\u00e7\u00e3o no Whatsapp de um jovem brasileiro que desapareceu e logo em seguida foi encontrado [&hellip;]","og_url":"https:\/\/www.notibras.com\/site\/ta-fo-irmao-vao-me-sequestrar-avisa-a-policia-relato-de-brasileiro-no-whatsapp-encontrado-morto-no-mexico\/","og_site_name":"Notibras","article_publisher":"https:\/\/www.facebook.com\/notibras\/","article_published_time":"2015-01-12T18:21:12+00:00","article_modified_time":"2015-01-13T09:33:38+00:00","og_image":[{"width":460,"height":340,"url":"https:\/\/www.notibras.com\/site\/wp-content\/uploads\/2015\/01\/mexicobrasileiro-mortofacebook.jpg","type":"image\/jpeg"}],"author":"Reda\u00e7\u00e3o","twitter_card":"summary_large_image","twitter_creator":"@Notibras","twitter_site":"@Notibras","twitter_misc":{"Escrito por":"Reda\u00e7\u00e3o","Est. tempo de leitura":"3 minutos"},"schema":{"@context":"https:\/\/schema.org","@graph":[{"@type":"Article","@id":"https:\/\/www.notibras.com\/site\/ta-fo-irmao-vao-me-sequestrar-avisa-a-policia-relato-de-brasileiro-no-whatsapp-encontrado-morto-no-mexico\/#article","isPartOf":{"@id":"https:\/\/www.notibras.com\/site\/ta-fo-irmao-vao-me-sequestrar-avisa-a-policia-relato-de-brasileiro-no-whatsapp-encontrado-morto-no-mexico\/"},"author":{"name":"Reda\u00e7\u00e3o","@id":"https:\/\/www.notibras.com\/site\/#\/schema\/person\/36ab0979449956132d3e5b517ea76ac8"},"headline":"&#8216;T\u00e1 fo** irm\u00e3o. Sujou. V\u00e3o me sequestrar&#8217;. Relato em Canc\u00fan de brasileiro antes de morrer","datePublished":"2015-01-12T18:21:12+00:00","dateModified":"2015-01-13T09:33:38+00:00","mainEntityOfPage":{"@id":"https:\/\/www.notibras.com\/site\/ta-fo-irmao-vao-me-sequestrar-avisa-a-policia-relato-de-brasileiro-no-whatsapp-encontrado-morto-no-mexico\/"},"wordCount":540,"commentCount":0,"publisher":{"@id":"https:\/\/www.notibras.com\/site\/#organization"},"image":{"@id":"https:\/\/www.notibras.com\/site\/ta-fo-irmao-vao-me-sequestrar-avisa-a-policia-relato-de-brasileiro-no-whatsapp-encontrado-morto-no-mexico\/#primaryimage"},"thumbnailUrl":"https:\/\/www.notibras.com\/site\/wp-content\/uploads\/2015\/01\/mexicobrasileiro-mortofacebook.jpg","articleSection":["Brasil"],"inLanguage":"pt-BR","potentialAction":[{"@type":"CommentAction","name":"Comment","target":["https:\/\/www.notibras.com\/site\/ta-fo-irmao-vao-me-sequestrar-avisa-a-policia-relato-de-brasileiro-no-whatsapp-encontrado-morto-no-mexico\/#respond"]}]},{"@type":"WebPage","@id":"https:\/\/www.notibras.com\/site\/ta-fo-irmao-vao-me-sequestrar-avisa-a-policia-relato-de-brasileiro-no-whatsapp-encontrado-morto-no-mexico\/","url":"https:\/\/www.notibras.com\/site\/ta-fo-irmao-vao-me-sequestrar-avisa-a-policia-relato-de-brasileiro-no-whatsapp-encontrado-morto-no-mexico\/","name":"'T\u00e1 fo** irm\u00e3o. Sujou. V\u00e3o me sequestrar'. Relato em Canc\u00fan de brasileiro antes de morrer - Notibras","isPartOf":{"@id":"https:\/\/www.notibras.com\/site\/#website"},"primaryImageOfPage":{"@id":"https:\/\/www.notibras.com\/site\/ta-fo-irmao-vao-me-sequestrar-avisa-a-policia-relato-de-brasileiro-no-whatsapp-encontrado-morto-no-mexico\/#primaryimage"},"image":{"@id":"https:\/\/www.notibras.com\/site\/ta-fo-irmao-vao-me-sequestrar-avisa-a-policia-relato-de-brasileiro-no-whatsapp-encontrado-morto-no-mexico\/#primaryimage"},"thumbnailUrl":"https:\/\/www.notibras.com\/site\/wp-content\/uploads\/2015\/01\/mexicobrasileiro-mortofacebook.jpg","datePublished":"2015-01-12T18:21:12+00:00","dateModified":"2015-01-13T09:33:38+00:00","breadcrumb":{"@id":"https:\/\/www.notibras.com\/site\/ta-fo-irmao-vao-me-sequestrar-avisa-a-policia-relato-de-brasileiro-no-whatsapp-encontrado-morto-no-mexico\/#breadcrumb"},"inLanguage":"pt-BR","potentialAction":[{"@type":"ReadAction","target":["https:\/\/www.notibras.com\/site\/ta-fo-irmao-vao-me-sequestrar-avisa-a-policia-relato-de-brasileiro-no-whatsapp-encontrado-morto-no-mexico\/"]}]},{"@type":"ImageObject","inLanguage":"pt-BR","@id":"https:\/\/www.notibras.com\/site\/ta-fo-irmao-vao-me-sequestrar-avisa-a-policia-relato-de-brasileiro-no-whatsapp-encontrado-morto-no-mexico\/#primaryimage","url":"https:\/\/www.notibras.com\/site\/wp-content\/uploads\/2015\/01\/mexicobrasileiro-mortofacebook.jpg","contentUrl":"https:\/\/www.notibras.com\/site\/wp-content\/uploads\/2015\/01\/mexicobrasileiro-mortofacebook.jpg","width":460,"height":340},{"@type":"BreadcrumbList","@id":"https:\/\/www.notibras.com\/site\/ta-fo-irmao-vao-me-sequestrar-avisa-a-policia-relato-de-brasileiro-no-whatsapp-encontrado-morto-no-mexico\/#breadcrumb","itemListElement":[{"@type":"ListItem","position":1,"name":"In\u00edcio","item":"https:\/\/www.notibras.com\/site\/"},{"@type":"ListItem","position":2,"name":"&#8216;T\u00e1 fo** irm\u00e3o. Sujou. V\u00e3o me sequestrar&#8217;. Relato em Canc\u00fan de brasileiro antes de morrer"}]},{"@type":"WebSite","@id":"https:\/\/www.notibras.com\/site\/#website","url":"https:\/\/www.notibras.com\/site\/","name":"Notibras","description":"Not\u00edcias de Bras\u00edlia, do Brasil e do Mundo","publisher":{"@id":"https:\/\/www.notibras.com\/site\/#organization"},"potentialAction":[{"@type":"SearchAction","target":{"@type":"EntryPoint","urlTemplate":"https:\/\/www.notibras.com\/site\/?s={search_term_string}"},"query-input":{"@type":"PropertyValueSpecification","valueRequired":true,"valueName":"search_term_string"}}],"inLanguage":"pt-BR"},{"@type":"Organization","@id":"https:\/\/www.notibras.com\/site\/#organization","name":"Grupo Notibras de Comunica\u00e7\u00e3o","url":"https:\/\/www.notibras.com\/site\/","logo":{"@type":"ImageObject","inLanguage":"pt-BR","@id":"https:\/\/www.notibras.com\/site\/#\/schema\/logo\/image\/","url":"https:\/\/www.notibras.com\/site\/wp-content\/uploads\/2023\/01\/notibras23.png","contentUrl":"https:\/\/www.notibras.com\/site\/wp-content\/uploads\/2023\/01\/notibras23.png","width":350,"height":87,"caption":"Grupo Notibras de Comunica\u00e7\u00e3o"},"image":{"@id":"https:\/\/www.notibras.com\/site\/#\/schema\/logo\/image\/"},"sameAs":["https:\/\/www.facebook.com\/notibras\/","https:\/\/x.com\/Notibras","https:\/\/www.instagram.com\/notibras\/"]},{"@type":"Person","@id":"https:\/\/www.notibras.com\/site\/#\/schema\/person\/36ab0979449956132d3e5b517ea76ac8","name":"Reda\u00e7\u00e3o","image":{"@type":"ImageObject","inLanguage":"pt-BR","@id":"https:\/\/secure.gravatar.com\/avatar\/e0a867bdedb85fd243eadf09663511f96fc81e0720a4a42581f334ad4303aa6b?s=96&d=mm&r=g","url":"https:\/\/secure.gravatar.com\/avatar\/e0a867bdedb85fd243eadf09663511f96fc81e0720a4a42581f334ad4303aa6b?s=96&d=mm&r=g","contentUrl":"https:\/\/secure.gravatar.com\/avatar\/e0a867bdedb85fd243eadf09663511f96fc81e0720a4a42581f334ad4303aa6b?s=96&d=mm&r=g","caption":"Reda\u00e7\u00e3o"}}]}},"amp_enabled":true,"_links":{"self":[{"href":"https:\/\/www.notibras.com\/site\/wp-json\/wp\/v2\/posts\/33797","targetHints":{"allow":["GET"]}}],"collection":[{"href":"https:\/\/www.notibras.com\/site\/wp-json\/wp\/v2\/posts"}],"about":[{"href":"https:\/\/www.notibras.com\/site\/wp-json\/wp\/v2\/types\/post"}],"author":[{"embeddable":true,"href":"https:\/\/www.notibras.com\/site\/wp-json\/wp\/v2\/users\/2"}],"replies":[{"embeddable":true,"href":"https:\/\/www.notibras.com\/site\/wp-json\/wp\/v2\/comments?post=33797"}],"version-history":[{"count":0,"href":"https:\/\/www.notibras.com\/site\/wp-json\/wp\/v2\/posts\/33797\/revisions"}],"wp:featuredmedia":[{"embeddable":true,"href":"https:\/\/www.notibras.com\/site\/wp-json\/wp\/v2\/media\/33798"}],"wp:attachment":[{"href":"https:\/\/www.notibras.com\/site\/wp-json\/wp\/v2\/media?parent=33797"}],"wp:term":[{"taxonomy":"category","embeddable":true,"href":"https:\/\/www.notibras.com\/site\/wp-json\/wp\/v2\/categories?post=33797"},{"taxonomy":"post_tag","embeddable":true,"href":"https:\/\/www.notibras.com\/site\/wp-json\/wp\/v2\/tags?post=33797"}],"curies":[{"name":"wp","href":"https:\/\/api.w.org\/{rel}","templated":true}]}}