{"id":337972,"date":"2024-10-06T00:00:27","date_gmt":"2024-10-06T03:00:27","guid":{"rendered":"https:\/\/www.notibras.com\/site\/?p=337972"},"modified":"2024-10-06T06:22:46","modified_gmt":"2024-10-06T09:22:46","slug":"aeronautica-troca-bandeira-em-festa-que-homenageia-santos-dumont","status":"publish","type":"post","link":"https:\/\/www.notibras.com\/site\/aeronautica-troca-bandeira-em-festa-que-homenageia-santos-dumont\/","title":{"rendered":"Aeron\u00e1utica troca bandeira em festa que homenageia Santos Dumont"},"content":{"rendered":"<p>Neste domingo, 6, a partir das 10 horas, a For\u00e7a A\u00e9rea Brasileira (FAB) ser\u00e1 a respons\u00e1vel pela solenidade de troca da Bandeira Nacional, na Pra\u00e7a dos Tr\u00eas Poderes. O evento faz parte das comemora\u00e7\u00f5es do Dia do Aviador e Dia da For\u00e7a A\u00e9rea Brasileira, celebrados em alus\u00e3o ao dia 23 de outubro de 1906, quando Alberto Santos-Dumont realizou o primeiro voo do mais pesado que o ar. Neste ano, tamb\u00e9m haver\u00e1 homenagem aos 120 anos do nascimento do Marechal do Ar Casimiro Montenegro Filho, Patrono da Engenharia da Aeron\u00e1utica e fundador do Instituto Tecnol\u00f3gico de Aeron\u00e1utica.<\/p>\n<p>A cerim\u00f4nia contar\u00e1 com o sobrevoo de aeronaves do Esquadr\u00e3o de Demonstra\u00e7\u00e3o A\u00e9rea (EDA), mais conhecido como Esquadrilha da Fuma\u00e7a, e com o desfile da tropa, que ser\u00e1 composta pelo Grupamento de Batedores do Grupo de Seguran\u00e7a e Defesa de Bras\u00edlia; pela Banda de M\u00fasica da Orquestra Sinf\u00f4nica da FAB (OSFAB); pelo grupamento de bandeiras hist\u00f3ricas; pela companhia de Cerimonial Santos-Dumont; e pelos grupamentos de representa\u00e7\u00e3o de militares da For\u00e7a.<\/p>\n<p>Durante a substitui\u00e7\u00e3o do pavilh\u00e3o, feita ao som do Hino Nacional e do Hino \u00e0 Bandeira, haver\u00e1 uma salva de 21 tiros. O evento tamb\u00e9m contar\u00e1 com uma apresenta\u00e7\u00e3o da OSFAB. Ainda, das 9h \u00e0s 12h, os participantes poder\u00e3o visitar a exposi\u00e7\u00e3o de maquetes de aeronaves e o stand institucional da FAB, al\u00e9m de interagir com os personagens infantis Fabinho e Dumonzinho.<\/p>\n<p>Troca da Bandeira &#8211; Com 186 metros quadrados e 90 quilos, a Bandeira Nacional \u00e9 hasteada at\u00e9 o topo do mastro de 110 metros de altura. O Pavilh\u00e3o fica pr\u00f3ximo ao Pal\u00e1cio do Planalto, ao Congresso Nacional e ao Supremo Tribunal Federal, permanece hasteado 24 horas por dia e pode ser visto de v\u00e1rios pontos da capital federal. A troca ocorre mensalmente, em um rod\u00edzio que envolve as For\u00e7as Armadas, a Pol\u00edcia Militar e o Corpo de Bombeiros do Distrito Federal.<\/p>\n","protected":false},"excerpt":{"rendered":"<p>Neste domingo, 6, a partir das 10 horas, a For\u00e7a A\u00e9rea Brasileira (FAB) ser\u00e1 a respons\u00e1vel pela solenidade de troca da Bandeira Nacional, na Pra\u00e7a dos Tr\u00eas Poderes. O evento faz parte das comemora\u00e7\u00f5es do Dia do Aviador e Dia da For\u00e7a A\u00e9rea Brasileira, celebrados em alus\u00e3o ao dia 23 de outubro de 1906, quando [&hellip;]<\/p>\n","protected":false},"author":2,"featured_media":198661,"comment_status":"closed","ping_status":"closed","sticky":false,"template":"","format":"standard","meta":{"_acf_changed":false,"footnotes":""},"categories":[161],"tags":[],"class_list":["post-337972","post","type-post","status-publish","format-standard","has-post-thumbnail","hentry","category-quadradinho-em-foco"],"acf":[],"_links":{"self":[{"href":"https:\/\/www.notibras.com\/site\/wp-json\/wp\/v2\/posts\/337972","targetHints":{"allow":["GET"]}}],"collection":[{"href":"https:\/\/www.notibras.com\/site\/wp-json\/wp\/v2\/posts"}],"about":[{"href":"https:\/\/www.notibras.com\/site\/wp-json\/wp\/v2\/types\/post"}],"author":[{"embeddable":true,"href":"https:\/\/www.notibras.com\/site\/wp-json\/wp\/v2\/users\/2"}],"replies":[{"embeddable":true,"href":"https:\/\/www.notibras.com\/site\/wp-json\/wp\/v2\/comments?post=337972"}],"version-history":[{"count":1,"href":"https:\/\/www.notibras.com\/site\/wp-json\/wp\/v2\/posts\/337972\/revisions"}],"predecessor-version":[{"id":337973,"href":"https:\/\/www.notibras.com\/site\/wp-json\/wp\/v2\/posts\/337972\/revisions\/337973"}],"wp:featuredmedia":[{"embeddable":true,"href":"https:\/\/www.notibras.com\/site\/wp-json\/wp\/v2\/media\/198661"}],"wp:attachment":[{"href":"https:\/\/www.notibras.com\/site\/wp-json\/wp\/v2\/media?parent=337972"}],"wp:term":[{"taxonomy":"category","embeddable":true,"href":"https:\/\/www.notibras.com\/site\/wp-json\/wp\/v2\/categories?post=337972"},{"taxonomy":"post_tag","embeddable":true,"href":"https:\/\/www.notibras.com\/site\/wp-json\/wp\/v2\/tags?post=337972"}],"curies":[{"name":"wp","href":"https:\/\/api.w.org\/{rel}","templated":true}]}}