{"id":337974,"date":"2024-10-06T06:32:28","date_gmt":"2024-10-06T09:32:28","guid":{"rendered":"https:\/\/www.notibras.com\/site\/?p=337974"},"modified":"2024-10-06T06:32:28","modified_gmt":"2024-10-06T09:32:28","slug":"nordestino-vai-votar-e-praias-amanhecem-desertas","status":"publish","type":"post","link":"https:\/\/www.notibras.com\/site\/nordestino-vai-votar-e-praias-amanhecem-desertas\/","title":{"rendered":"Nordestino vai votar e praias amanhecem desertas"},"content":{"rendered":"<p>Neste domingo de sol, um cen\u00e1rio incomum tomou conta das praias do Nordeste. Geralmente cheias de turistas e moradores locais aproveitando o fim de semana, as praias amanheceram praticamente desertas. O motivo? Elei\u00e7\u00f5es municipais para prefeitos e vereadores, uma data que mobiliza toda a popula\u00e7\u00e3o.<\/p>\n<p>De norte a sul da regi\u00e3o, as longas faixas de areia, que normalmente estariam repletas de cadeiras, guarda-s\u00f3is e vendedores ambulantes, estavam vazias. Muitos bares e quiosques tamb\u00e9m permaneceram fechados, um reflexo do compromisso c\u00edvico dos nordestinos, que sa\u00edram em massa para exercer seu direito de voto.<\/p>\n<p>Com a previs\u00e3o de temperaturas elevadas e um c\u00e9u sem nuvens, o contraste com o habitual cen\u00e1rio das praias chamou a aten\u00e7\u00e3o. As ruas que levam aos principais pontos tur\u00edsticos estavam tranquilas, sem o habitual tr\u00e2nsito de ve\u00edculos de veranistas. Em vez disso, as movimenta\u00e7\u00f5es concentraram-se nas proximidades dos col\u00e9gios eleitorais, que registraram longas filas desde o in\u00edcio da manh\u00e3.<\/p>\n<p>Nas cidades litor\u00e2neas, os poucos que se aventuraram at\u00e9 a beira-mar eram, em sua maioria, turistas de outras regi\u00f5es do pa\u00eds que n\u00e3o estavam aptos a votar. Mesmo assim, muitos relataram a surpresa ao encontrar as praias quase vazias em pleno domingo de sol, algo considerado raro no Nordeste.<\/p>\n<p>As elei\u00e7\u00f5es municipais no Brasil s\u00e3o um momento de forte envolvimento popular, e no Nordeste, onde o senso de comunidade \u00e9 muito presente, isso fica ainda mais evidente. A aus\u00eancia de multid\u00f5es nas praias neste domingo mostra a import\u00e2ncia que os nordestinos d\u00e3o \u00e0 participa\u00e7\u00e3o pol\u00edtica, trocando o lazer pelo dever c\u00edvico. Em cidades como Recife, Salvador e Fortaleza, a movimenta\u00e7\u00e3o intensa nos locais de vota\u00e7\u00e3o refletia esse engajamento.<\/p>\n<p>Ao fim do dia, espera-se que a contagem dos votos reflita a alta participa\u00e7\u00e3o, e os resultados comecem a definir os rumos das cidades para os pr\u00f3ximos quatro anos. Ap\u00f3s a conclus\u00e3o do processo eleitoral, as praias certamente voltar\u00e3o a ser o ponto de encontro de sempre, mas neste domingo, elas foram um s\u00edmbolo silencioso do comprometimento do povo nordestino com o futuro de suas comunidades.<\/p>\n","protected":false},"excerpt":{"rendered":"<p>Neste domingo de sol, um cen\u00e1rio incomum tomou conta das praias do Nordeste. Geralmente cheias de turistas e moradores locais aproveitando o fim de semana, as praias amanheceram praticamente desertas. O motivo? Elei\u00e7\u00f5es municipais para prefeitos e vereadores, uma data que mobiliza toda a popula\u00e7\u00e3o. De norte a sul da regi\u00e3o, as longas faixas de [&hellip;]<\/p>\n","protected":false},"author":2,"featured_media":337975,"comment_status":"closed","ping_status":"closed","sticky":false,"template":"","format":"standard","meta":{"_acf_changed":false,"footnotes":""},"categories":[165],"tags":[],"class_list":["post-337974","post","type-post","status-publish","format-standard","has-post-thumbnail","hentry","category-nordeste"],"acf":[],"_links":{"self":[{"href":"https:\/\/www.notibras.com\/site\/wp-json\/wp\/v2\/posts\/337974","targetHints":{"allow":["GET"]}}],"collection":[{"href":"https:\/\/www.notibras.com\/site\/wp-json\/wp\/v2\/posts"}],"about":[{"href":"https:\/\/www.notibras.com\/site\/wp-json\/wp\/v2\/types\/post"}],"author":[{"embeddable":true,"href":"https:\/\/www.notibras.com\/site\/wp-json\/wp\/v2\/users\/2"}],"replies":[{"embeddable":true,"href":"https:\/\/www.notibras.com\/site\/wp-json\/wp\/v2\/comments?post=337974"}],"version-history":[{"count":1,"href":"https:\/\/www.notibras.com\/site\/wp-json\/wp\/v2\/posts\/337974\/revisions"}],"predecessor-version":[{"id":337976,"href":"https:\/\/www.notibras.com\/site\/wp-json\/wp\/v2\/posts\/337974\/revisions\/337976"}],"wp:featuredmedia":[{"embeddable":true,"href":"https:\/\/www.notibras.com\/site\/wp-json\/wp\/v2\/media\/337975"}],"wp:attachment":[{"href":"https:\/\/www.notibras.com\/site\/wp-json\/wp\/v2\/media?parent=337974"}],"wp:term":[{"taxonomy":"category","embeddable":true,"href":"https:\/\/www.notibras.com\/site\/wp-json\/wp\/v2\/categories?post=337974"},{"taxonomy":"post_tag","embeddable":true,"href":"https:\/\/www.notibras.com\/site\/wp-json\/wp\/v2\/tags?post=337974"}],"curies":[{"name":"wp","href":"https:\/\/api.w.org\/{rel}","templated":true}]}}