{"id":338065,"date":"2024-10-07T00:00:43","date_gmt":"2024-10-07T03:00:43","guid":{"rendered":"https:\/\/www.notibras.com\/site\/?p=338065"},"modified":"2024-10-07T02:48:52","modified_gmt":"2024-10-07T05:48:52","slug":"eduardo-braide-e-reeleito-prefeito-em-primeiro-turno","status":"publish","type":"post","link":"https:\/\/www.notibras.com\/site\/eduardo-braide-e-reeleito-prefeito-em-primeiro-turno\/","title":{"rendered":"Eduardo Braide \u00e9 reeleito prefeito em primeiro turno"},"content":{"rendered":"<p>O candidato Eduardo Braide (PSD) venceu a disputa para a prefeitura de S\u00e3o Lu\u00eds (MA), com 69,43% dos votos v\u00e1lidos. Duarte (PSB) ficou em segundo lugar, com 22,94% dos votos v\u00e1lidos. At\u00e9 agora foram apurados 79,57% das urnas.<\/p>\n<p>Eduardo Salim Braide tem 48 anos, do PSD, e \u00e9 o atual prefeito da capital do Maranh\u00e3o e conquistou a reelei\u00e7\u00e3o neste domingo (6). Ele j\u00e1 ocupou o cargo de deputado estadual em dois mandatos consecutivos, entre 2011 e 2019.<\/p>\n<p>Foi eleito deputado federal em 2018, assumindo em 2019. Mas, em 2020, Braide licenciou-se do mandato na C\u00e2mara para concorrer \u00e0s elei\u00e7\u00f5es para a prefeitura, da qual saiu vitorioso.<\/p>\n<p>Tamb\u00e9m foi diretor-presidente da Companhia de Saneamento Ambiental do Maranh\u00e3o (Caema), em 2005 e 2006. \u00c9 formado em direito pela Universidade Federal do Maranh\u00e3o.<\/p>\n","protected":false},"excerpt":{"rendered":"<p>O candidato Eduardo Braide (PSD) venceu a disputa para a prefeitura de S\u00e3o Lu\u00eds (MA), com 69,43% dos votos v\u00e1lidos. Duarte (PSB) ficou em segundo lugar, com 22,94% dos votos v\u00e1lidos. At\u00e9 agora foram apurados 79,57% das urnas. Eduardo Salim Braide tem 48 anos, do PSD, e \u00e9 o atual prefeito da capital do Maranh\u00e3o [&hellip;]<\/p>\n","protected":false},"author":2,"featured_media":338066,"comment_status":"closed","ping_status":"closed","sticky":false,"template":"","format":"standard","meta":{"_acf_changed":false,"footnotes":""},"categories":[165],"tags":[],"class_list":["post-338065","post","type-post","status-publish","format-standard","has-post-thumbnail","hentry","category-nordeste"],"acf":[],"_links":{"self":[{"href":"https:\/\/www.notibras.com\/site\/wp-json\/wp\/v2\/posts\/338065","targetHints":{"allow":["GET"]}}],"collection":[{"href":"https:\/\/www.notibras.com\/site\/wp-json\/wp\/v2\/posts"}],"about":[{"href":"https:\/\/www.notibras.com\/site\/wp-json\/wp\/v2\/types\/post"}],"author":[{"embeddable":true,"href":"https:\/\/www.notibras.com\/site\/wp-json\/wp\/v2\/users\/2"}],"replies":[{"embeddable":true,"href":"https:\/\/www.notibras.com\/site\/wp-json\/wp\/v2\/comments?post=338065"}],"version-history":[{"count":1,"href":"https:\/\/www.notibras.com\/site\/wp-json\/wp\/v2\/posts\/338065\/revisions"}],"predecessor-version":[{"id":338067,"href":"https:\/\/www.notibras.com\/site\/wp-json\/wp\/v2\/posts\/338065\/revisions\/338067"}],"wp:featuredmedia":[{"embeddable":true,"href":"https:\/\/www.notibras.com\/site\/wp-json\/wp\/v2\/media\/338066"}],"wp:attachment":[{"href":"https:\/\/www.notibras.com\/site\/wp-json\/wp\/v2\/media?parent=338065"}],"wp:term":[{"taxonomy":"category","embeddable":true,"href":"https:\/\/www.notibras.com\/site\/wp-json\/wp\/v2\/categories?post=338065"},{"taxonomy":"post_tag","embeddable":true,"href":"https:\/\/www.notibras.com\/site\/wp-json\/wp\/v2\/tags?post=338065"}],"curies":[{"name":"wp","href":"https:\/\/api.w.org\/{rel}","templated":true}]}}