{"id":338071,"date":"2024-10-07T00:01:46","date_gmt":"2024-10-07T03:01:46","guid":{"rendered":"https:\/\/www.notibras.com\/site\/?p=338071"},"modified":"2024-10-07T02:58:46","modified_gmt":"2024-10-07T05:58:46","slug":"lucena-e-queiroga-vao-disputar-o-segundo-turno-por-um-triz","status":"publish","type":"post","link":"https:\/\/www.notibras.com\/site\/lucena-e-queiroga-vao-disputar-o-segundo-turno-por-um-triz\/","title":{"rendered":"Lucena e Queiroga v\u00e3o disputar o segundo turno por um triz"},"content":{"rendered":"<p>Os candidatos C\u00edcero Lucena (PP) e Marcelo Queiroga (PL) v\u00e3o disputar o segundo turno das elei\u00e7\u00f5es em Jo\u00e3o Pessoa. Lucena teve 49,16% dos votos v\u00e1lidos e Queiroga teve 21,77%. Foram apuradas 100% das urnas.<\/p>\n<p>C\u00edcero Lucena Filho, do PP, tem 67 anos e \u00e9 o atual prefeito da capital paraibana. Foi eleito para seu primeiro mandato na prefeitura de Jo\u00e3o Pessoa em novembro de 1996, \u00e0 \u00e9poca, pelo PMDB. Foi reeleito para o cargo em 2000, no primeiro turno, com 74% dos votos v\u00e1lidos. Foi ainda vice-governador da Para\u00edba entre 1991 e 1994; governador do estado entre 1994 e 1994; ministro da Secretaria de Pol\u00edticas Regionais entre 1995 e 1996; e senador entre 2007 e 2015.<\/p>\n<p>Marcelo Queiroga, do PL, tem 58 anos. M\u00e9dico cardiologista formado na Universidade Federal da Para\u00edba, foi presidente da Sociedade Brasileira de Cardiologia de 2020 a 2021. Ficou conhecido nacionalmente ao se tornar ministro da Sa\u00fade no governo de Jair Bolsonaro, em 2021, e liderar a pasta durante a pandemia de Covid-19. Ficou no cargo at\u00e9 o fim de 2022, com o fim do governo.<\/p>\n","protected":false},"excerpt":{"rendered":"<p>Os candidatos C\u00edcero Lucena (PP) e Marcelo Queiroga (PL) v\u00e3o disputar o segundo turno das elei\u00e7\u00f5es em Jo\u00e3o Pessoa. Lucena teve 49,16% dos votos v\u00e1lidos e Queiroga teve 21,77%. Foram apuradas 100% das urnas. C\u00edcero Lucena Filho, do PP, tem 67 anos e \u00e9 o atual prefeito da capital paraibana. Foi eleito para seu primeiro [&hellip;]<\/p>\n","protected":false},"author":2,"featured_media":338072,"comment_status":"closed","ping_status":"closed","sticky":false,"template":"","format":"standard","meta":{"_acf_changed":false,"footnotes":""},"categories":[165],"tags":[],"class_list":["post-338071","post","type-post","status-publish","format-standard","has-post-thumbnail","hentry","category-nordeste"],"acf":[],"_links":{"self":[{"href":"https:\/\/www.notibras.com\/site\/wp-json\/wp\/v2\/posts\/338071","targetHints":{"allow":["GET"]}}],"collection":[{"href":"https:\/\/www.notibras.com\/site\/wp-json\/wp\/v2\/posts"}],"about":[{"href":"https:\/\/www.notibras.com\/site\/wp-json\/wp\/v2\/types\/post"}],"author":[{"embeddable":true,"href":"https:\/\/www.notibras.com\/site\/wp-json\/wp\/v2\/users\/2"}],"replies":[{"embeddable":true,"href":"https:\/\/www.notibras.com\/site\/wp-json\/wp\/v2\/comments?post=338071"}],"version-history":[{"count":1,"href":"https:\/\/www.notibras.com\/site\/wp-json\/wp\/v2\/posts\/338071\/revisions"}],"predecessor-version":[{"id":338073,"href":"https:\/\/www.notibras.com\/site\/wp-json\/wp\/v2\/posts\/338071\/revisions\/338073"}],"wp:featuredmedia":[{"embeddable":true,"href":"https:\/\/www.notibras.com\/site\/wp-json\/wp\/v2\/media\/338072"}],"wp:attachment":[{"href":"https:\/\/www.notibras.com\/site\/wp-json\/wp\/v2\/media?parent=338071"}],"wp:term":[{"taxonomy":"category","embeddable":true,"href":"https:\/\/www.notibras.com\/site\/wp-json\/wp\/v2\/categories?post=338071"},{"taxonomy":"post_tag","embeddable":true,"href":"https:\/\/www.notibras.com\/site\/wp-json\/wp\/v2\/tags?post=338071"}],"curies":[{"name":"wp","href":"https:\/\/api.w.org\/{rel}","templated":true}]}}