{"id":338074,"date":"2024-10-07T00:01:05","date_gmt":"2024-10-07T03:01:05","guid":{"rendered":"https:\/\/www.notibras.com\/site\/?p=338074"},"modified":"2024-10-07T03:04:11","modified_gmt":"2024-10-07T06:04:11","slug":"andre-fernandes-e-evandro-leitao-disputarao-o-segundo-turno","status":"publish","type":"post","link":"https:\/\/www.notibras.com\/site\/andre-fernandes-e-evandro-leitao-disputarao-o-segundo-turno\/","title":{"rendered":"Andr\u00e9 Fernandes e Evandro Leit\u00e3o disputar\u00e3o o segundo turno"},"content":{"rendered":"<p>Os candidatos Andr\u00e9 Fernandes (PL) e Evandro Leit\u00e3o (PT) v\u00e3o disputar o segundo turno das elei\u00e7\u00f5es em Fortaleza. Fernandes teve 40,27% dos votos v\u00e1lidos e Leit\u00e3o tem 34,29%.<\/p>\n<p>O resultado foi anunciado ap\u00f3s a apura\u00e7\u00e3o de 98,67% das urnas.<\/p>\n<p>Andr\u00e9 Fernandes de Moura, do PL, tem 27 anos. \u00c9 formado em Ci\u00eancia Pol\u00edtica e Rela\u00e7\u00f5es Internacionais, com p\u00f3s-gradua\u00e7\u00e3o em Direito Constitucional e Gest\u00e3o P\u00fablica. Em 2018, foi eleito deputado estadual. Em 2022, concorreu a uma vaga de deputado federal e foi eleito.<\/p>\n<p>Evandro Leit\u00e3o, do PT, tem 57 anos e est\u00e1 em seu terceiro mandato consecutivo de deputado estadual. Servidor p\u00fablico de carreira, \u00e9 auditor adjunto da Secretaria da Fazenda do Estado do Cear\u00e1. \u00c9 formado em ci\u00eancias econ\u00f4micas pela Universidade de Fortaleza (Unifor) e em direito pela Faculdade Integrada do Cear\u00e1 (FIC).<\/p>\n","protected":false},"excerpt":{"rendered":"<p>Os candidatos Andr\u00e9 Fernandes (PL) e Evandro Leit\u00e3o (PT) v\u00e3o disputar o segundo turno das elei\u00e7\u00f5es em Fortaleza. Fernandes teve 40,27% dos votos v\u00e1lidos e Leit\u00e3o tem 34,29%. O resultado foi anunciado ap\u00f3s a apura\u00e7\u00e3o de 98,67% das urnas. Andr\u00e9 Fernandes de Moura, do PL, tem 27 anos. \u00c9 formado em Ci\u00eancia Pol\u00edtica e Rela\u00e7\u00f5es [&hellip;]<\/p>\n","protected":false},"author":2,"featured_media":338075,"comment_status":"closed","ping_status":"closed","sticky":false,"template":"","format":"standard","meta":{"_acf_changed":false,"footnotes":""},"categories":[165],"tags":[],"class_list":["post-338074","post","type-post","status-publish","format-standard","has-post-thumbnail","hentry","category-nordeste"],"acf":[],"_links":{"self":[{"href":"https:\/\/www.notibras.com\/site\/wp-json\/wp\/v2\/posts\/338074","targetHints":{"allow":["GET"]}}],"collection":[{"href":"https:\/\/www.notibras.com\/site\/wp-json\/wp\/v2\/posts"}],"about":[{"href":"https:\/\/www.notibras.com\/site\/wp-json\/wp\/v2\/types\/post"}],"author":[{"embeddable":true,"href":"https:\/\/www.notibras.com\/site\/wp-json\/wp\/v2\/users\/2"}],"replies":[{"embeddable":true,"href":"https:\/\/www.notibras.com\/site\/wp-json\/wp\/v2\/comments?post=338074"}],"version-history":[{"count":1,"href":"https:\/\/www.notibras.com\/site\/wp-json\/wp\/v2\/posts\/338074\/revisions"}],"predecessor-version":[{"id":338076,"href":"https:\/\/www.notibras.com\/site\/wp-json\/wp\/v2\/posts\/338074\/revisions\/338076"}],"wp:featuredmedia":[{"embeddable":true,"href":"https:\/\/www.notibras.com\/site\/wp-json\/wp\/v2\/media\/338075"}],"wp:attachment":[{"href":"https:\/\/www.notibras.com\/site\/wp-json\/wp\/v2\/media?parent=338074"}],"wp:term":[{"taxonomy":"category","embeddable":true,"href":"https:\/\/www.notibras.com\/site\/wp-json\/wp\/v2\/categories?post=338074"},{"taxonomy":"post_tag","embeddable":true,"href":"https:\/\/www.notibras.com\/site\/wp-json\/wp\/v2\/tags?post=338074"}],"curies":[{"name":"wp","href":"https:\/\/api.w.org\/{rel}","templated":true}]}}