{"id":338077,"date":"2024-10-07T00:00:02","date_gmt":"2024-10-07T03:00:02","guid":{"rendered":"https:\/\/www.notibras.com\/site\/?p=338077"},"modified":"2024-10-07T03:14:25","modified_gmt":"2024-10-07T06:14:25","slug":"prefeitura-sera-disputada-por-freire-e-bonavides-no-2o-turno","status":"publish","type":"post","link":"https:\/\/www.notibras.com\/site\/prefeitura-sera-disputada-por-freire-e-bonavides-no-2o-turno\/","title":{"rendered":"Prefeitura ser\u00e1 disputada por Freire e Bonavides no 2\u00ba turno"},"content":{"rendered":"<p>Os candidatos Paulinho Freire (Uni\u00e3o) e Nat\u00e1lia Bonavides (PT) v\u00e3o disputar o segundo turno das elei\u00e7\u00f5es em Natal. Freire teve 44,08% dos votos v\u00e1lidos e Bonavides, teve 28,45%. Foram apuradas 100% das urnas.<\/p>\n<p>&gt;&gt; Veja os resultados das Elei\u00e7\u00f5es 2024<br \/>\nPaulo Eduardo da Costa Freire, do Uni\u00e3o Brasil, tem 60 anos e \u00e9 deputado federal. Foi vereador por v\u00e1rios mandatos n\u00e3o consecutivos, desde 1993 at\u00e9 2022. Em 2002, foi eleito deputado estadual e, de 2009 a 2012, foi vice-prefeito de Natal.<\/p>\n<p>Nat\u00e1lia Bastos Bonavides, do PT, tem 36 anos e est\u00e1 em seu segundo mandato de deputada federal. Tamb\u00e9m foi vereadora em Natal em 2016. Advogada, Bonavides atuou com educa\u00e7\u00e3o em direitos e foi advogada do Movimento dos Trabalhadores Sem-Terra (MST), trabalhando em acampamentos no Rio Grande do Norte.<\/p>\n","protected":false},"excerpt":{"rendered":"<p>Os candidatos Paulinho Freire (Uni\u00e3o) e Nat\u00e1lia Bonavides (PT) v\u00e3o disputar o segundo turno das elei\u00e7\u00f5es em Natal. Freire teve 44,08% dos votos v\u00e1lidos e Bonavides, teve 28,45%. Foram apuradas 100% das urnas. &gt;&gt; Veja os resultados das Elei\u00e7\u00f5es 2024 Paulo Eduardo da Costa Freire, do Uni\u00e3o Brasil, tem 60 anos e \u00e9 deputado federal. [&hellip;]<\/p>\n","protected":false},"author":2,"featured_media":338078,"comment_status":"closed","ping_status":"closed","sticky":false,"template":"","format":"standard","meta":{"_acf_changed":false,"footnotes":""},"categories":[165],"tags":[],"class_list":["post-338077","post","type-post","status-publish","format-standard","has-post-thumbnail","hentry","category-nordeste"],"acf":[],"_links":{"self":[{"href":"https:\/\/www.notibras.com\/site\/wp-json\/wp\/v2\/posts\/338077","targetHints":{"allow":["GET"]}}],"collection":[{"href":"https:\/\/www.notibras.com\/site\/wp-json\/wp\/v2\/posts"}],"about":[{"href":"https:\/\/www.notibras.com\/site\/wp-json\/wp\/v2\/types\/post"}],"author":[{"embeddable":true,"href":"https:\/\/www.notibras.com\/site\/wp-json\/wp\/v2\/users\/2"}],"replies":[{"embeddable":true,"href":"https:\/\/www.notibras.com\/site\/wp-json\/wp\/v2\/comments?post=338077"}],"version-history":[{"count":1,"href":"https:\/\/www.notibras.com\/site\/wp-json\/wp\/v2\/posts\/338077\/revisions"}],"predecessor-version":[{"id":338079,"href":"https:\/\/www.notibras.com\/site\/wp-json\/wp\/v2\/posts\/338077\/revisions\/338079"}],"wp:featuredmedia":[{"embeddable":true,"href":"https:\/\/www.notibras.com\/site\/wp-json\/wp\/v2\/media\/338078"}],"wp:attachment":[{"href":"https:\/\/www.notibras.com\/site\/wp-json\/wp\/v2\/media?parent=338077"}],"wp:term":[{"taxonomy":"category","embeddable":true,"href":"https:\/\/www.notibras.com\/site\/wp-json\/wp\/v2\/categories?post=338077"},{"taxonomy":"post_tag","embeddable":true,"href":"https:\/\/www.notibras.com\/site\/wp-json\/wp\/v2\/tags?post=338077"}],"curies":[{"name":"wp","href":"https:\/\/api.w.org\/{rel}","templated":true}]}}