{"id":338080,"date":"2024-10-07T00:01:53","date_gmt":"2024-10-07T03:01:53","guid":{"rendered":"https:\/\/www.notibras.com\/site\/?p=338080"},"modified":"2024-10-07T03:19:24","modified_gmt":"2024-10-07T06:19:24","slug":"uniao-do-povo-mantem-bruno-reis-no-comando-da-prefeitura","status":"publish","type":"post","link":"https:\/\/www.notibras.com\/site\/uniao-do-povo-mantem-bruno-reis-no-comando-da-prefeitura\/","title":{"rendered":"Uni\u00e3o do povo mant\u00e9m Bruno Reis no comando da prefeitura"},"content":{"rendered":"<p>O candidato Bruno Reis (Uni\u00e3o) venceu a disputa para a prefeitura de Salvador, com 78,68% dos votos v\u00e1lidos, e conquistou a reelei\u00e7\u00e3o com ampla margem de votos. Kleber Rosa (PSOL) ficou em segundo lugar, com 10,42% dos votos v\u00e1lidos e Geraldo J\u00fanior (MDB) ficou logo atr\u00e1s, com 10,33% dos votos v\u00e1lidos. At\u00e9 agora foram apurados 99,96% das urnas.<\/p>\n<p>Bruno Soares, ao confirmar seu compromisso em seguir na prefeitura soteropolitana, afirmou que sua inten\u00e7\u00e3o era garantir as conquistas de seu mandato, bem como seguir com novos projetos e programas mantendo as finan\u00e7as municipais saneadas. A \u00e1rea da mobilidade urbana, segundo ele, receber\u00e1 uma aten\u00e7\u00e3o especial durante este segundo mandato.<\/p>\n<p>Em sua primeira vit\u00f3ria a prefeito, Bruno Soares concorreu pelo extinto DEM. Com forma\u00e7\u00e3o em Direito pela Universidade Cat\u00f3lica de Salvador (UCSAL), tendo p\u00f3s-gradua\u00e7\u00e3o em gest\u00e3o de finan\u00e7as pela Funda\u00e7\u00e3o Get\u00falio Vargas, \u00e9 mestre e desenvolvimento e gest\u00e3o social pela Universidade Federal da Bahia (UFBA).<\/p>\n<p>Natural de Petrolina, em Pernambuco, foi ainda jovem para Salvador, com cinco anos. Bruno Soares nasceu em 1977. Em 2016, foi eleito vice-prefeito na chapa de ACM Neto. Antes ocupou uma cadeira na assembleia legislativa do estado.<\/p>\n","protected":false},"excerpt":{"rendered":"<p>O candidato Bruno Reis (Uni\u00e3o) venceu a disputa para a prefeitura de Salvador, com 78,68% dos votos v\u00e1lidos, e conquistou a reelei\u00e7\u00e3o com ampla margem de votos. Kleber Rosa (PSOL) ficou em segundo lugar, com 10,42% dos votos v\u00e1lidos e Geraldo J\u00fanior (MDB) ficou logo atr\u00e1s, com 10,33% dos votos v\u00e1lidos. At\u00e9 agora foram apurados [&hellip;]<\/p>\n","protected":false},"author":2,"featured_media":338081,"comment_status":"closed","ping_status":"closed","sticky":false,"template":"","format":"standard","meta":{"_acf_changed":false,"footnotes":""},"categories":[165],"tags":[],"class_list":["post-338080","post","type-post","status-publish","format-standard","has-post-thumbnail","hentry","category-nordeste"],"acf":[],"_links":{"self":[{"href":"https:\/\/www.notibras.com\/site\/wp-json\/wp\/v2\/posts\/338080","targetHints":{"allow":["GET"]}}],"collection":[{"href":"https:\/\/www.notibras.com\/site\/wp-json\/wp\/v2\/posts"}],"about":[{"href":"https:\/\/www.notibras.com\/site\/wp-json\/wp\/v2\/types\/post"}],"author":[{"embeddable":true,"href":"https:\/\/www.notibras.com\/site\/wp-json\/wp\/v2\/users\/2"}],"replies":[{"embeddable":true,"href":"https:\/\/www.notibras.com\/site\/wp-json\/wp\/v2\/comments?post=338080"}],"version-history":[{"count":1,"href":"https:\/\/www.notibras.com\/site\/wp-json\/wp\/v2\/posts\/338080\/revisions"}],"predecessor-version":[{"id":338082,"href":"https:\/\/www.notibras.com\/site\/wp-json\/wp\/v2\/posts\/338080\/revisions\/338082"}],"wp:featuredmedia":[{"embeddable":true,"href":"https:\/\/www.notibras.com\/site\/wp-json\/wp\/v2\/media\/338081"}],"wp:attachment":[{"href":"https:\/\/www.notibras.com\/site\/wp-json\/wp\/v2\/media?parent=338080"}],"wp:term":[{"taxonomy":"category","embeddable":true,"href":"https:\/\/www.notibras.com\/site\/wp-json\/wp\/v2\/categories?post=338080"},{"taxonomy":"post_tag","embeddable":true,"href":"https:\/\/www.notibras.com\/site\/wp-json\/wp\/v2\/tags?post=338080"}],"curies":[{"name":"wp","href":"https:\/\/api.w.org\/{rel}","templated":true}]}}