{"id":338083,"date":"2024-10-07T00:01:29","date_gmt":"2024-10-07T03:01:29","guid":{"rendered":"https:\/\/www.notibras.com\/site\/?p=338083"},"modified":"2024-10-07T03:23:30","modified_gmt":"2024-10-07T06:23:30","slug":"jhc-e-reeleito-com-folga-para-um-novo-mandato","status":"publish","type":"post","link":"https:\/\/www.notibras.com\/site\/jhc-e-reeleito-com-folga-para-um-novo-mandato\/","title":{"rendered":"JHC \u00e9 reeleito com folga para um novo mandato"},"content":{"rendered":"<p>O candidato JHC (PL) venceu a disputa para a prefeitura da Macei\u00f3, com 83,25% dos votos v\u00e1lidos. Rafael Brito (MDB) ficou em segundo lugar, com 12,74% dos votos v\u00e1lidos. Foram apurados 100% das urnas.<\/p>\n<p>Atual prefeito de Macei\u00f3, Jo\u00e3o Henrique Holanda Caldas, o JHC, do PL, foi eleito com a bandeira da continuidade ao projeto iniciado na primeira gest\u00e3o que, segundo ele pr\u00f3prio, \u201cresgatou o orgulho do maceioense pela cidade\u201d.<\/p>\n<p>Em 2020, renunciou ao mandato na C\u00e2mara dos Deputados para assumir a cadeira do executivo municipal. \u00c0 \u00e9poca em outro partido, o PSB, JHC derrotou o deputado federal Alfredo Gaspar de Mendon\u00e7a (MDB).<\/p>\n<p>JHC, que tem como vice na chapa o senador Rodrigo Cunha (Podemos), tem no curr\u00edculo dois mandatos como deputado federal e um na assembleia estadual de Alagoas.<\/p>\n<p>Em 2022, trocou a legenda pela qual se elegeu \u00e0 \u00e9poca, o PSB, pelo PL, aderindo formalmente ao grupo do ex-presidente Jair Bolsonaro. Ele justificou a troca partid\u00e1ria pelos projetos feitos em Macei\u00f3 pelo governo federal. Quando se decidiu pela ades\u00e3o ao bolsonarismo, o ex-partido de JHC, o PSB apoiava na \u00e9poca o ent\u00e3o candidato a presidente Luiz In\u00e1cio Lula da Silva.<\/p>\n<p>Em 2024, JHC liderou a campanha eleitoral sempre com um amplo favoritismo diante dos principais rivais: o deputado federal Rafael Brito (PMDB) e o ex-deputado e ex-vereador Lob\u00e3o (Solidariedade). No \u00faltimo debate eleitoral do primeiro turno, na TV Gazeta de Alagoas, JHC sequer compareceu. Os \u00fanicos dois participantes, Lob\u00e3o e Brito, sequer se animaram a criticar um ao outro, amornando o debate.<\/p>\n<p>Formado nasceu em 1987, \u00e9 casado e formado em direito. O prefeito reeleito de Macei\u00f3 seguiu os passos do pai na pol\u00edtica, que tamb\u00e9m foi deputado federal, vereador e prefeito de Ibateguara. Evang\u00e9lico, JHC \u00e9 membro da Igreja Internacional da Gra\u00e7a de Deus.<\/p>\n","protected":false},"excerpt":{"rendered":"<p>O candidato JHC (PL) venceu a disputa para a prefeitura da Macei\u00f3, com 83,25% dos votos v\u00e1lidos. Rafael Brito (MDB) ficou em segundo lugar, com 12,74% dos votos v\u00e1lidos. Foram apurados 100% das urnas. Atual prefeito de Macei\u00f3, Jo\u00e3o Henrique Holanda Caldas, o JHC, do PL, foi eleito com a bandeira da continuidade ao projeto [&hellip;]<\/p>\n","protected":false},"author":2,"featured_media":338084,"comment_status":"closed","ping_status":"closed","sticky":false,"template":"","format":"standard","meta":{"_acf_changed":false,"footnotes":""},"categories":[165],"tags":[],"class_list":["post-338083","post","type-post","status-publish","format-standard","has-post-thumbnail","hentry","category-nordeste"],"acf":[],"_links":{"self":[{"href":"https:\/\/www.notibras.com\/site\/wp-json\/wp\/v2\/posts\/338083","targetHints":{"allow":["GET"]}}],"collection":[{"href":"https:\/\/www.notibras.com\/site\/wp-json\/wp\/v2\/posts"}],"about":[{"href":"https:\/\/www.notibras.com\/site\/wp-json\/wp\/v2\/types\/post"}],"author":[{"embeddable":true,"href":"https:\/\/www.notibras.com\/site\/wp-json\/wp\/v2\/users\/2"}],"replies":[{"embeddable":true,"href":"https:\/\/www.notibras.com\/site\/wp-json\/wp\/v2\/comments?post=338083"}],"version-history":[{"count":1,"href":"https:\/\/www.notibras.com\/site\/wp-json\/wp\/v2\/posts\/338083\/revisions"}],"predecessor-version":[{"id":338085,"href":"https:\/\/www.notibras.com\/site\/wp-json\/wp\/v2\/posts\/338083\/revisions\/338085"}],"wp:featuredmedia":[{"embeddable":true,"href":"https:\/\/www.notibras.com\/site\/wp-json\/wp\/v2\/media\/338084"}],"wp:attachment":[{"href":"https:\/\/www.notibras.com\/site\/wp-json\/wp\/v2\/media?parent=338083"}],"wp:term":[{"taxonomy":"category","embeddable":true,"href":"https:\/\/www.notibras.com\/site\/wp-json\/wp\/v2\/categories?post=338083"},{"taxonomy":"post_tag","embeddable":true,"href":"https:\/\/www.notibras.com\/site\/wp-json\/wp\/v2\/tags?post=338083"}],"curies":[{"name":"wp","href":"https:\/\/api.w.org\/{rel}","templated":true}]}}