{"id":338086,"date":"2024-10-07T00:00:40","date_gmt":"2024-10-07T03:00:40","guid":{"rendered":"https:\/\/www.notibras.com\/site\/?p=338086"},"modified":"2024-10-07T03:27:39","modified_gmt":"2024-10-07T06:27:39","slug":"eleitor-aprova-mandato-e-reconduz-silvio-a-prefeitura","status":"publish","type":"post","link":"https:\/\/www.notibras.com\/site\/eleitor-aprova-mandato-e-reconduz-silvio-a-prefeitura\/","title":{"rendered":"Eleitor aprova mandato e reconduz Silvio \u00e0 prefeitura"},"content":{"rendered":"<p>O candidato Silvio Mendes (Uni\u00e3o) venceu a disputa para a prefeitura de Teresina, com 52,27% dos votos v\u00e1lidos. F\u00e1bio Novo (PT) ficou em segundo lugar, com 43,17% dos votos v\u00e1lidos. At\u00e9 agora foram apurados 99,24% das urnas. Mendes retorna ao comando do munic\u00edpio, do qual foi prefeito de 2005 a 2010.<\/p>\n<p>Silvio Mendes de Oliveira Filho tem 75 anos e \u00e9 filiado ao Uni\u00e3o Brasil. M\u00e9dico de forma\u00e7\u00e3o e especializado em ortopedia, assumiu a Secretaria Municipal de Sa\u00fade na d\u00e9cada de 1990 e ficou \u00e0 frente do \u00f3rg\u00e3o por 12 anos.<\/p>\n<p>Foi eleito prefeito de Teresina pela primeira vez em 2004 e reeleito em 2008. Tamb\u00e9m foi presidente da Associa\u00e7\u00e3o Piauiense de Medicina.<\/p>\n","protected":false},"excerpt":{"rendered":"<p>O candidato Silvio Mendes (Uni\u00e3o) venceu a disputa para a prefeitura de Teresina, com 52,27% dos votos v\u00e1lidos. F\u00e1bio Novo (PT) ficou em segundo lugar, com 43,17% dos votos v\u00e1lidos. At\u00e9 agora foram apurados 99,24% das urnas. Mendes retorna ao comando do munic\u00edpio, do qual foi prefeito de 2005 a 2010. Silvio Mendes de Oliveira [&hellip;]<\/p>\n","protected":false},"author":2,"featured_media":338087,"comment_status":"closed","ping_status":"closed","sticky":false,"template":"","format":"standard","meta":{"_acf_changed":false,"footnotes":""},"categories":[165],"tags":[],"class_list":["post-338086","post","type-post","status-publish","format-standard","has-post-thumbnail","hentry","category-nordeste"],"acf":[],"_links":{"self":[{"href":"https:\/\/www.notibras.com\/site\/wp-json\/wp\/v2\/posts\/338086","targetHints":{"allow":["GET"]}}],"collection":[{"href":"https:\/\/www.notibras.com\/site\/wp-json\/wp\/v2\/posts"}],"about":[{"href":"https:\/\/www.notibras.com\/site\/wp-json\/wp\/v2\/types\/post"}],"author":[{"embeddable":true,"href":"https:\/\/www.notibras.com\/site\/wp-json\/wp\/v2\/users\/2"}],"replies":[{"embeddable":true,"href":"https:\/\/www.notibras.com\/site\/wp-json\/wp\/v2\/comments?post=338086"}],"version-history":[{"count":1,"href":"https:\/\/www.notibras.com\/site\/wp-json\/wp\/v2\/posts\/338086\/revisions"}],"predecessor-version":[{"id":338088,"href":"https:\/\/www.notibras.com\/site\/wp-json\/wp\/v2\/posts\/338086\/revisions\/338088"}],"wp:featuredmedia":[{"embeddable":true,"href":"https:\/\/www.notibras.com\/site\/wp-json\/wp\/v2\/media\/338087"}],"wp:attachment":[{"href":"https:\/\/www.notibras.com\/site\/wp-json\/wp\/v2\/media?parent=338086"}],"wp:term":[{"taxonomy":"category","embeddable":true,"href":"https:\/\/www.notibras.com\/site\/wp-json\/wp\/v2\/categories?post=338086"},{"taxonomy":"post_tag","embeddable":true,"href":"https:\/\/www.notibras.com\/site\/wp-json\/wp\/v2\/tags?post=338086"}],"curies":[{"name":"wp","href":"https:\/\/api.w.org\/{rel}","templated":true}]}}