{"id":338089,"date":"2024-10-07T00:00:54","date_gmt":"2024-10-07T03:00:54","guid":{"rendered":"https:\/\/www.notibras.com\/site\/?p=338089"},"modified":"2024-10-07T03:32:42","modified_gmt":"2024-10-07T06:32:42","slug":"emilia-correa-e-luiz-roberto-passam-para-segundo-turno","status":"publish","type":"post","link":"https:\/\/www.notibras.com\/site\/emilia-correa-e-luiz-roberto-passam-para-segundo-turno\/","title":{"rendered":"Em\u00edlia Corr\u00eaa e Luiz Roberto passam para segundo turno"},"content":{"rendered":"<p>Os candidatos Em\u00edlia Corr\u00eaa (PL) e Luiz Roberto (PDT) v\u00e3o disputar o segundo turno das elei\u00e7\u00f5es em Aracaju. Corr\u00eaa teve 41,62% dos votos v\u00e1lidos e Luiz Roberto, teve 23,86%. Foram apuradas 100% das urnas.<\/p>\n<p>Em\u00edlia Corr\u00eaa Santos Bezerra tem 62 anos e \u00e9 candidata pelo PL. Defensora p\u00fablica aposentada, comunicadora de r\u00e1dio e TV. Foi corregedora geral, secret\u00e1ria da Defensoria P\u00fablica e presidente do Tribunal de \u00c9tica. Eleita vereadora por Aracaju\/SE em 2016 e reeleita em 2020.<\/p>\n<p>Luiz Roberto Dantas de Santana, do PDT, tem 59 anos. Foi servidor p\u00fablico do Minist\u00e9rio da Fazenda e aposentado pela Petrobras. Atuou como presidente da Funda\u00e7\u00e3o Municipal de Forma\u00e7\u00e3o Para o Trabalho (Fundat) e da Empresa Municipal de Servi\u00e7os Urbanos (Emsurb) e secret\u00e1rio de Estado do Desenvolvimento Urbano e Infraestrutura (Sedurbi). Nas elei\u00e7\u00f5es de 2022, foi candidato a deputado federal, mas n\u00e3o foi eleito.<\/p>\n","protected":false},"excerpt":{"rendered":"<p>Os candidatos Em\u00edlia Corr\u00eaa (PL) e Luiz Roberto (PDT) v\u00e3o disputar o segundo turno das elei\u00e7\u00f5es em Aracaju. Corr\u00eaa teve 41,62% dos votos v\u00e1lidos e Luiz Roberto, teve 23,86%. Foram apuradas 100% das urnas. Em\u00edlia Corr\u00eaa Santos Bezerra tem 62 anos e \u00e9 candidata pelo PL. Defensora p\u00fablica aposentada, comunicadora de r\u00e1dio e TV. Foi [&hellip;]<\/p>\n","protected":false},"author":2,"featured_media":338090,"comment_status":"closed","ping_status":"closed","sticky":false,"template":"","format":"standard","meta":{"_acf_changed":false,"footnotes":""},"categories":[165],"tags":[],"class_list":["post-338089","post","type-post","status-publish","format-standard","has-post-thumbnail","hentry","category-nordeste"],"acf":[],"_links":{"self":[{"href":"https:\/\/www.notibras.com\/site\/wp-json\/wp\/v2\/posts\/338089","targetHints":{"allow":["GET"]}}],"collection":[{"href":"https:\/\/www.notibras.com\/site\/wp-json\/wp\/v2\/posts"}],"about":[{"href":"https:\/\/www.notibras.com\/site\/wp-json\/wp\/v2\/types\/post"}],"author":[{"embeddable":true,"href":"https:\/\/www.notibras.com\/site\/wp-json\/wp\/v2\/users\/2"}],"replies":[{"embeddable":true,"href":"https:\/\/www.notibras.com\/site\/wp-json\/wp\/v2\/comments?post=338089"}],"version-history":[{"count":1,"href":"https:\/\/www.notibras.com\/site\/wp-json\/wp\/v2\/posts\/338089\/revisions"}],"predecessor-version":[{"id":338091,"href":"https:\/\/www.notibras.com\/site\/wp-json\/wp\/v2\/posts\/338089\/revisions\/338091"}],"wp:featuredmedia":[{"embeddable":true,"href":"https:\/\/www.notibras.com\/site\/wp-json\/wp\/v2\/media\/338090"}],"wp:attachment":[{"href":"https:\/\/www.notibras.com\/site\/wp-json\/wp\/v2\/media?parent=338089"}],"wp:term":[{"taxonomy":"category","embeddable":true,"href":"https:\/\/www.notibras.com\/site\/wp-json\/wp\/v2\/categories?post=338089"},{"taxonomy":"post_tag","embeddable":true,"href":"https:\/\/www.notibras.com\/site\/wp-json\/wp\/v2\/tags?post=338089"}],"curies":[{"name":"wp","href":"https:\/\/api.w.org\/{rel}","templated":true}]}}