{"id":338118,"date":"2024-10-07T00:02:17","date_gmt":"2024-10-07T03:02:17","guid":{"rendered":"https:\/\/www.notibras.com\/site\/?p=338118"},"modified":"2024-10-07T07:44:00","modified_gmt":"2024-10-07T10:44:00","slug":"casamento-comunitario-oficializa-a-uniao-de-91-casais","status":"publish","type":"post","link":"https:\/\/www.notibras.com\/site\/casamento-comunitario-oficializa-a-uniao-de-91-casais\/","title":{"rendered":"Casamento Comunit\u00e1rio oficializa a uni\u00e3o de 91 casais"},"content":{"rendered":"<p>Mais de 90 casais subiram ao altar para dizer o t\u00e3o esperado \u201csim\u201d um ao outro. \u00c0s margens do Lago Parano\u00e1, o Pont\u00e3o do Lago Sul foi o local escolhido para proporcionar um momento especial e inesquec\u00edvel aos selecionados da segunda edi\u00e7\u00e3o do Casamento Comunit\u00e1rio de 2024. O sacramento do matrim\u00f4nio foi oficializado no entardecer deste domingo (6) e os noivos contaram com trajes, buqu\u00eas, doces, cabelo e maquiagem, transporte, al\u00e9m de sorteios de brindes.<\/p>\n<p>\u201c\u00c9 uma alegria estar mais uma vez na 10\u00b0 edi\u00e7\u00e3o do Casamento Comunit\u00e1rio. Conseguimos praticamente dobrar o n\u00famero de casais e aproveitar esse cen\u00e1rio t\u00e3o bonito e essa estrutura montada pelo GDF para o grande dia. Tamb\u00e9m aumentamos o n\u00famero de parceiros, que sonham junto com todos n\u00f3s\u201d, afirmou a secret\u00e1ria de Justi\u00e7a e Cidadania, Marcela Passamani.<\/p>\n<p>Acompanhados por autoridades locais e convidados dos casais, os respons\u00e1veis por oficializar a uni\u00e3o dos noivos foram os ju\u00edzes de paz Mirtala Carvalho Delmondez, do cart\u00f3rio de Sobradinho; Carla Cristina Garcia Andrade, de Taguatinga; e Josic\u00e9lia do Nascimento Ramos de Sousa, de Samambaia.<\/p>\n<p>Todos os contemplados ficaram isentos dos custos e tiveram acesso a vestido de noiva, terno, buqu\u00ea e maquiagem concedidos pelo governo e por parcerias com a sociedade civil e a iniciativa privada, a exemplo do Sistema S \u2013 o preparo das noivas ficou a cargo do Senac, no Setor Comercial Sul.<\/p>\n<p>\u201cO Senac \u00e9 uma escola de forma\u00e7\u00e3o profissional que prepara profissionais para o mercado de trabalho e a participa\u00e7\u00e3o junto ao GEF aperfei\u00e7oa o aprendizado dos alunos, preparando as noivas do ponto de vista de maquiagem, cabelo e ajuste no vestu\u00e1rio. S\u00e3o profissionais que est\u00e3o entrando no mercado de trabalho realizando o sonho das pessoas de ter o casamento formal no Pont\u00e3o do Lago Sul\u201d, defendeu o diretor regional Senac-DF, Vitor Corr\u00eaa.<\/p>\n<p>O Casamento Comunit\u00e1rio foi institu\u00eddo pelo Decreto n\u00ba 41.971, de 7 de abril de 2021. Desde a primeira edi\u00e7\u00e3o, em 2020, a pol\u00edtica p\u00fablica tem como objetivo garantir os direitos civis aos noivos e estimular o conv\u00edvio familiar. O programa \u00e9 voltado para casais residentes no DF, hipossuficientes e que desejam a habilita\u00e7\u00e3o, o registro e a certid\u00e3o de casamento.<\/p>\n<p>Sonho realizado<br \/>\n\u201cEu estou maravilhada com essa oportunidade \u00fanica que o GDF est\u00e1 dando para n\u00f3s. N\u00e3o \u00e9 todo mundo que tem condi\u00e7\u00f5es de realizar o sonho de se casar na beira do Lago. E al\u00e9m de tudo, disseram que esse vestido meu eu to sendo a primeira a vesti-lo. Estou me sentindo ainda mais especial e \u00fanica\u201d.<\/p>\n<p>O relato \u00e9 da comerciante Lanaya Ribeiro, de 28 anos. Ela vai dizer o t\u00e3o esperado \u201csim\u201d ao seu esposo, S\u00e9rgio Rodrigues, 20. \u201c\u00c9 muito bom estar aqui para celebrar a nossa uni\u00e3o. Isso \u00e9 uma ben\u00e7\u00e3o. O Casamento Comunit\u00e1rio foi um pontap\u00e9 para a gente oficializar nosso relacionamento\u201d, disse o aut\u00f4nomo.<\/p>\n<p>A emo\u00e7\u00e3o tamb\u00e9m tomou de conta da Micaele Dias, 26, e seu futuro esposo, Fernando Gabriel da Silva, 46. Gr\u00e1vida de seu primeiro filho, a cabeleireira revelou estar empolgada: \u201cEu estou me sentindo realizada. Toda mulher que estivesse no meu lugar se sentiria assim, principalmente com um casamento com tudo pago pelo governo. O meu sonho se realizou\u201d.<\/p>\n<p>\u201cQuando eu estava descendo as escadas da Rodovi\u00e1ria do Plano Piloto e recebi o panfleto do Casamento Comunit\u00e1rio, aquilo foi um sinal de Deus. Foi uma emo\u00e7\u00e3o muito grande, porque a nossa condi\u00e7\u00e3o financeira era zero. N\u00e3o temos dinheiro. As expectativas de vida a partir de agora s\u00e3o as melhores poss\u00edveis\u201d, disse o esposo Fernando.<\/p>\n<p>&nbsp;<\/p>\n","protected":false},"excerpt":{"rendered":"<p>Mais de 90 casais subiram ao altar para dizer o t\u00e3o esperado \u201csim\u201d um ao outro. \u00c0s margens do Lago Parano\u00e1, o Pont\u00e3o do Lago Sul foi o local escolhido para proporcionar um momento especial e inesquec\u00edvel aos selecionados da segunda edi\u00e7\u00e3o do Casamento Comunit\u00e1rio de 2024. O sacramento do matrim\u00f4nio foi oficializado no entardecer [&hellip;]<\/p>\n","protected":false},"author":2,"featured_media":338119,"comment_status":"closed","ping_status":"closed","sticky":false,"template":"","format":"standard","meta":{"_acf_changed":false,"footnotes":""},"categories":[161],"tags":[],"class_list":["post-338118","post","type-post","status-publish","format-standard","has-post-thumbnail","hentry","category-quadradinho-em-foco"],"acf":[],"_links":{"self":[{"href":"https:\/\/www.notibras.com\/site\/wp-json\/wp\/v2\/posts\/338118","targetHints":{"allow":["GET"]}}],"collection":[{"href":"https:\/\/www.notibras.com\/site\/wp-json\/wp\/v2\/posts"}],"about":[{"href":"https:\/\/www.notibras.com\/site\/wp-json\/wp\/v2\/types\/post"}],"author":[{"embeddable":true,"href":"https:\/\/www.notibras.com\/site\/wp-json\/wp\/v2\/users\/2"}],"replies":[{"embeddable":true,"href":"https:\/\/www.notibras.com\/site\/wp-json\/wp\/v2\/comments?post=338118"}],"version-history":[{"count":1,"href":"https:\/\/www.notibras.com\/site\/wp-json\/wp\/v2\/posts\/338118\/revisions"}],"predecessor-version":[{"id":338120,"href":"https:\/\/www.notibras.com\/site\/wp-json\/wp\/v2\/posts\/338118\/revisions\/338120"}],"wp:featuredmedia":[{"embeddable":true,"href":"https:\/\/www.notibras.com\/site\/wp-json\/wp\/v2\/media\/338119"}],"wp:attachment":[{"href":"https:\/\/www.notibras.com\/site\/wp-json\/wp\/v2\/media?parent=338118"}],"wp:term":[{"taxonomy":"category","embeddable":true,"href":"https:\/\/www.notibras.com\/site\/wp-json\/wp\/v2\/categories?post=338118"},{"taxonomy":"post_tag","embeddable":true,"href":"https:\/\/www.notibras.com\/site\/wp-json\/wp\/v2\/tags?post=338118"}],"curies":[{"name":"wp","href":"https:\/\/api.w.org\/{rel}","templated":true}]}}