{"id":338121,"date":"2024-10-07T00:49:23","date_gmt":"2024-10-07T03:49:23","guid":{"rendered":"https:\/\/www.notibras.com\/site\/?p=338121"},"modified":"2024-10-07T07:50:52","modified_gmt":"2024-10-07T10:50:52","slug":"pad-df-e-referencia-no-uso-de-tecnicas-de-irrigacao-sustentavel","status":"publish","type":"post","link":"https:\/\/www.notibras.com\/site\/pad-df-e-referencia-no-uso-de-tecnicas-de-irrigacao-sustentavel\/","title":{"rendered":"PAD-DF \u00e9 refer\u00eancia no uso de t\u00e9cnicas de irriga\u00e7\u00e3o sustent\u00e1vel"},"content":{"rendered":"<p>Com a seca atingindo n\u00edveis hist\u00f3ricos no Distrito Federal a cada ano, a regi\u00e3o do PAD-DF tem se destacado por adotar t\u00e9cnicas de manejo e gest\u00e3o que resultam em uma maior disponibilidade h\u00eddrica. A \u00e1rea \u00e9 a mais irrigada da capital gra\u00e7as ao sistema de piv\u00f4 central, utilizado na agricultura para irrigar grandes \u00e1reas de forma mais eficiente. A t\u00e9cnica maximiza a produ\u00e7\u00e3o agr\u00edcola e promove a sustentabilidade ambiental e o desenvolvimento econ\u00f4mico.<\/p>\n<p>A regi\u00e3o do PAD-DF \u00e9 monitorada pela Empresa de Assist\u00eancia T\u00e9cnica e Extens\u00e3o Rural (Emater-DF) h\u00e1 quase uma d\u00e9cada, quando Bras\u00edlia passou a registrar maiores \u00edndices de seca. O \u00f3rg\u00e3o, ent\u00e3o, desenvolveu um trabalho de conscientiza\u00e7\u00e3o dos produtores rurais da \u00e1rea sobre a irriga\u00e7\u00e3o eficiente, o uso racional da \u00e1gua, as tecnologias empregadas para garantir a estabilidade h\u00eddrica e as pr\u00e1ticas de conserva\u00e7\u00e3o de nascentes. A iniciativa foi ampliada nos \u00faltimos cinco anos.<\/p>\n<p>\u201cOs grandes produtores, principalmente os irrigantes, tiveram que se adaptar \u00e0 crise h\u00eddrica, e desde ent\u00e3o vem sendo feito esse planejamento para que a \u00e1gua n\u00e3o falte, para que todos possam irrigar seus plantios\u201d, explica Fausto Veiga Alvarenga, extensionista rural da Emater-DF.<\/p>\n<p>Atualmente, a irriga\u00e7\u00e3o ocorre de forma escalada, por meio de um rod\u00edzio entre os mais de 5 mil hectares de terrenos que usam a t\u00e9cnica de manejo. O PAD-DF \u00e9 abastecido pelas bacias hidrogr\u00e1ficas do Rio Preto e do Rio Jardim.<\/p>\n<p><strong>Exemplo<\/strong><br \/>\nO uso do sistema de piv\u00f4 central serve de exemplo para v\u00e1rias \u00e1reas rurais. Uma das propriedades que utilizam a t\u00e9cnica \u00e9 a da fam\u00edlia da administradora e produtora rural Anna Carolina Kruger, 30. Com uma \u00e1rea de mais de 600 hectares, o sistema de irriga\u00e7\u00e3o foi adotado para o espa\u00e7o em 2018. Desde l\u00e1, a fam\u00edlia viu melhoras significativas na produ\u00e7\u00e3o de trigo, soja e feij\u00e3o, e investiu recentemente num segundo sistema ainda mais moderno e tecnol\u00f3gico.<\/p>\n<p>\u201cO principal diferencial \u00e9 que esse manejo da \u00e1gua traz seguran\u00e7a. Com esse sistema, conseguimos aumentar a nossa produ\u00e7\u00e3o e a rentabilidade da \u00e1rea, al\u00e9m de possibilitar que a gente fa\u00e7a mais de uma safra de maneira bastante segura\u201d, detalha Anna. \u201cChegamos a sofrer com problemas de falta de \u00e1gua, mas hoje, com essa t\u00e9cnica de manejo, conseguimos ter mais controle, sendo essencial para enfrentar os desafios da mudan\u00e7a clim\u00e1tica e das crises h\u00eddricas.\u201d<\/p>\n<p>A metodologia de trabalho desenvolvida pela Emater na regi\u00e3o inclui a monitoriza\u00e7\u00e3o regular da disponibilidade de \u00e1gua na \u00e1rea. Al\u00e9m disso, s\u00e3o dadas orienta\u00e7\u00f5es aos produtores rurais sobre como utilizar o recurso de forma eficiente.<\/p>\n<p>\u201cEssa t\u00e9cnica tem dado t\u00e3o certo que, neste ano, apesar da seca hist\u00f3rica, n\u00e3o foi registrada falta de \u00e1gua na regi\u00e3o. N\u00e3o h\u00e1 produ\u00e7\u00e3o se n\u00e3o tiver \u00e1gua. A \u00e1gua \u00e9 um insumo essencial para a agricultura\u201d, diz Fausto.<\/p>\n","protected":false},"excerpt":{"rendered":"<p>Com a seca atingindo n\u00edveis hist\u00f3ricos no Distrito Federal a cada ano, a regi\u00e3o do PAD-DF tem se destacado por adotar t\u00e9cnicas de manejo e gest\u00e3o que resultam em uma maior disponibilidade h\u00eddrica. A \u00e1rea \u00e9 a mais irrigada da capital gra\u00e7as ao sistema de piv\u00f4 central, utilizado na agricultura para irrigar grandes \u00e1reas de [&hellip;]<\/p>\n","protected":false},"author":2,"featured_media":338122,"comment_status":"closed","ping_status":"closed","sticky":false,"template":"","format":"standard","meta":{"_acf_changed":false,"footnotes":""},"categories":[161],"tags":[],"class_list":["post-338121","post","type-post","status-publish","format-standard","has-post-thumbnail","hentry","category-quadradinho-em-foco"],"acf":[],"_links":{"self":[{"href":"https:\/\/www.notibras.com\/site\/wp-json\/wp\/v2\/posts\/338121","targetHints":{"allow":["GET"]}}],"collection":[{"href":"https:\/\/www.notibras.com\/site\/wp-json\/wp\/v2\/posts"}],"about":[{"href":"https:\/\/www.notibras.com\/site\/wp-json\/wp\/v2\/types\/post"}],"author":[{"embeddable":true,"href":"https:\/\/www.notibras.com\/site\/wp-json\/wp\/v2\/users\/2"}],"replies":[{"embeddable":true,"href":"https:\/\/www.notibras.com\/site\/wp-json\/wp\/v2\/comments?post=338121"}],"version-history":[{"count":1,"href":"https:\/\/www.notibras.com\/site\/wp-json\/wp\/v2\/posts\/338121\/revisions"}],"predecessor-version":[{"id":338123,"href":"https:\/\/www.notibras.com\/site\/wp-json\/wp\/v2\/posts\/338121\/revisions\/338123"}],"wp:featuredmedia":[{"embeddable":true,"href":"https:\/\/www.notibras.com\/site\/wp-json\/wp\/v2\/media\/338122"}],"wp:attachment":[{"href":"https:\/\/www.notibras.com\/site\/wp-json\/wp\/v2\/media?parent=338121"}],"wp:term":[{"taxonomy":"category","embeddable":true,"href":"https:\/\/www.notibras.com\/site\/wp-json\/wp\/v2\/categories?post=338121"},{"taxonomy":"post_tag","embeddable":true,"href":"https:\/\/www.notibras.com\/site\/wp-json\/wp\/v2\/tags?post=338121"}],"curies":[{"name":"wp","href":"https:\/\/api.w.org\/{rel}","templated":true}]}}