{"id":338124,"date":"2024-10-07T00:14:32","date_gmt":"2024-10-07T03:14:32","guid":{"rendered":"https:\/\/www.notibras.com\/site\/?p=338124"},"modified":"2024-10-07T07:57:31","modified_gmt":"2024-10-07T10:57:31","slug":"numero-de-trabalhadores-com-carteira-assinada-passa-de-1-milhao","status":"publish","type":"post","link":"https:\/\/www.notibras.com\/site\/numero-de-trabalhadores-com-carteira-assinada-passa-de-1-milhao\/","title":{"rendered":"N\u00famero de trabalhadores com carteira assinada passa de 1 milh\u00e3o"},"content":{"rendered":"<p>Dados mais recentes do Novo Cadastro Geral de Empregados e Desempregados (Novo Caged), do Minist\u00e9rio do Trabalho e Emprego, apontam que o Distrito Federal gerou mais de 34 mil empregos com carteira assinada de janeiro a agosto de 2024. Com este n\u00famero, a capital do pa\u00eds ultrapassou a marca de 1 milh\u00e3o de pessoas com emprego formal.<\/p>\n<p>Este \u00e9 o maior n\u00famero da s\u00e9rie hist\u00f3rica do Novo Caged, criado em abril de 2020. No total s\u00e3o 1.002.416 empregos. Apenas em agosto de 2024, mais de 4 mil empregos foram gerados no DF. Na s\u00e9rie dos \u00faltimos 12 meses com ajuste foram mais de 41 mil. Em 2023 o DF tinha 967 mil empregos com carteira assinada.<\/p>\n<p>A vice-governadora Celina Le\u00e3o declarou que os n\u00fameros do Novo Caged demonstram que a atua\u00e7\u00e3o do Governo do Distrito Federal (GDF) na cria\u00e7\u00e3o de emprego e renda est\u00e1 no caminho certo. \u201c\u00c9 preciso qualificar, especialmente, a popula\u00e7\u00e3o mais vulner\u00e1vel para que ela esteja preparada para as vagas que s\u00e3o criadas. Ao mesmo tempo, fazemos o interm\u00e9dio dessas vagas junto aos empregadores, apoiamos o empreendedorismo e o empresariado. \u00c9 um trabalho amplo que aquece a nossa economia e leva dignidade para a nossa popula\u00e7\u00e3o\u201d, acentuou.<\/p>\n<p>De acordo com o secret\u00e1rio de Desenvolvimento Econ\u00f4mico, Trabalho e Renda, Thales Mendes, alcan\u00e7ar a marca de 1 milh\u00e3o de empregos formais em Bras\u00edlia \u00e9 um marco hist\u00f3rico que demonstra a for\u00e7a da economia e o resultado do trabalho cont\u00ednuo em pol\u00edticas p\u00fablicas de desenvolvimento econ\u00f4mico para a popula\u00e7\u00e3o. \u201cEste resultado s\u00f3 foi poss\u00edvel gra\u00e7as ao empenho das empresas e do setor produtivo, que acreditam no potencial da nossa regi\u00e3o e continuam investindo e gerando oportunidades. Continuaremos empenhados no compromisso de promover o crescimento econ\u00f4mico sustent\u00e1vel, com foco na qualifica\u00e7\u00e3o profissional e na atra\u00e7\u00e3o de investimentos\u201d, declarou.<\/p>\n<p>O presidente da Federa\u00e7\u00e3o do Com\u00e9rcio de Bens, Servi\u00e7os e Turismo do Distrito Federal (Fecom\u00e9rcio-DF), Jos\u00e9 Aparecido da Costa Freire, refor\u00e7ou a import\u00e2ncia do setor de servi\u00e7os e de com\u00e9rcio para a economia de Bras\u00edlia. No \u00faltimo Caged, cerca de 40% de todos os empregos com carteira assinada vieram dessas \u00e1reas, que atingem diferentes ramos como informa\u00e7\u00e3o, comunica\u00e7\u00e3o, alojamento e alimenta\u00e7\u00e3o. Al\u00e9m disso, o setor de com\u00e9rcio e servi\u00e7o gerou 87,9% dos empregos em agosto.<\/p>\n<p>\u201cOs acordos coletivos e programas sociais do GDF geram aumento de empregos. Programas que levam cart\u00f5es creche, g\u00e1s e material escolar d\u00e3o poder aquisitivo para que as pessoas fa\u00e7am esse giro na economia do DF. E isso tamb\u00e9m acrescenta na arrecada\u00e7\u00e3o do governo pelo setor produtivo\u201d, frisou. O presidente afirmou, ainda, que o setor de com\u00e9rcio atende mais de 77% dos empregos gerados na base e que o DF est\u00e1 em 2\u00ba lugar em gera\u00e7\u00e3o de emprego, atr\u00e1s apenas de Goi\u00e1s. Atualmente a capital representa 28% na gera\u00e7\u00e3o de emprego do Centro-Oeste.<\/p>\n<p><strong>Mudan\u00e7a de vida<\/strong><br \/>\nMais que um n\u00famero entre 1 milh\u00e3o de empregados com carteira de trabalho assinada em Bras\u00edlia, o assistente administrativo Mikael Gomes Alves, 22 anos, conta a diferen\u00e7a que um emprego est\u00e1vel faz na rotina e no planejamento de vida. \u201cQuando eu era estagi\u00e1rio, n\u00e3o tinha tanta estabilidade. \u00c9 muito bom quando a gente tem um emprego que pode proporcionar um plano de sa\u00fade, por exemplo. Outra coisa \u00e9 a vida financeira, voc\u00ea pode comprar mais coisas e ter mais possibilidades de estar fazendo o que voc\u00ea gosta\u201d.<\/p>\n<p>Trabalhando formalmente desde abril de 2024, ele recorda o quanto a qualifica\u00e7\u00e3o influencia na hora de ser selecionado para uma vaga. \u201cSe voc\u00ea n\u00e3o tem tanta qualifica\u00e7\u00e3o, fica um pouco mais dif\u00edcil conseguir algum trabalho. E os programas de qualifica\u00e7\u00e3o do GDF s\u00e3o muito bons porque, al\u00e9m de serem gratuitos, ajudam a especializar. Eu comecei a fazer cursos gratuitos que o governo oferece na \u00e1rea administrativa\u201d, acrescentou o jovem.<\/p>\n<p>A analista de credenciamento Ros\u00e2ngela Costa Gallo, 57, tamb\u00e9m \u00e9 parte do milh\u00e3o de pessoas com carteira assinada no DF. Em 2023 ela precisou realizar uma cirurgia de coluna e, com afastamento por aux\u00edlio de incapacidade tempor\u00e1ria, conseguiu se manter at\u00e9 encontrar um novo emprego em 2024. Nesse meio tempo, ela fez cursos de capacita\u00e7\u00e3o online e destacou a import\u00e2ncia das oportunidades de emprego em sua faixa et\u00e1ria.<\/p>\n<p>\u201cAp\u00f3s 180 dias em recupera\u00e7\u00e3o, comecei a enviar meu curr\u00edculo. N\u00e3o obtive muito sucesso a princ\u00edpio, mas em julho deste ano fui escolhida em um processo seletivo na minha \u00e1rea. Foi um al\u00edvio muito grande por conta da idade, que pesa na sele\u00e7\u00e3o de curr\u00edculos, e porque fiquei praticamente dois anos fora do mercado de trabalho. Estou aprendendo muitas coisas novas\u201d, observou.<\/p>\n<p><strong>Programas do GDF<\/strong><br \/>\nEntre os programas oferecidos pelo governo para se qualificar profissionalmente est\u00e1 o QualificaDF, que promove cursos profissionalizantes gratuitos nas \u00e1reas de agroneg\u00f3cio, com\u00e9rcio, servi\u00e7os, sa\u00fade e inform\u00e1tica. Outro \u00e9 o RenovaDF, cujo intuito \u00e9 promover a forma\u00e7\u00e3o profissional da popula\u00e7\u00e3o, ao mesmo tempo em que propicia a reforma de espa\u00e7os p\u00fablicos.<\/p>\n<p>O programa oferece aux\u00edlio de um sal\u00e1rio m\u00ednimo para os participantes, al\u00e9m de vale-transporte e seguro contra acidentes pessoais. Nele, s\u00e3o abordadas t\u00e9cnicas de alvenaria, carpintaria, el\u00e9trica, hidr\u00e1ulica, jardinagem, paisagismo, pintura, serralheria e seguran\u00e7a no ambiente de trabalho.<\/p>\n<p>Ap\u00f3s a forma\u00e7\u00e3o em qualquer um dos programas, o cidad\u00e3o que est\u00e1 em busca de uma oportunidade \u00e9 encaminhado a uma das 14 ag\u00eancias do trabalhador espalhadas pelo DF.<\/p>\n","protected":false},"excerpt":{"rendered":"<p>Dados mais recentes do Novo Cadastro Geral de Empregados e Desempregados (Novo Caged), do Minist\u00e9rio do Trabalho e Emprego, apontam que o Distrito Federal gerou mais de 34 mil empregos com carteira assinada de janeiro a agosto de 2024. Com este n\u00famero, a capital do pa\u00eds ultrapassou a marca de 1 milh\u00e3o de pessoas com [&hellip;]<\/p>\n","protected":false},"author":2,"featured_media":328959,"comment_status":"closed","ping_status":"closed","sticky":false,"template":"","format":"standard","meta":{"_acf_changed":false,"footnotes":""},"categories":[161],"tags":[],"class_list":["post-338124","post","type-post","status-publish","format-standard","has-post-thumbnail","hentry","category-quadradinho-em-foco"],"acf":[],"_links":{"self":[{"href":"https:\/\/www.notibras.com\/site\/wp-json\/wp\/v2\/posts\/338124","targetHints":{"allow":["GET"]}}],"collection":[{"href":"https:\/\/www.notibras.com\/site\/wp-json\/wp\/v2\/posts"}],"about":[{"href":"https:\/\/www.notibras.com\/site\/wp-json\/wp\/v2\/types\/post"}],"author":[{"embeddable":true,"href":"https:\/\/www.notibras.com\/site\/wp-json\/wp\/v2\/users\/2"}],"replies":[{"embeddable":true,"href":"https:\/\/www.notibras.com\/site\/wp-json\/wp\/v2\/comments?post=338124"}],"version-history":[{"count":1,"href":"https:\/\/www.notibras.com\/site\/wp-json\/wp\/v2\/posts\/338124\/revisions"}],"predecessor-version":[{"id":338125,"href":"https:\/\/www.notibras.com\/site\/wp-json\/wp\/v2\/posts\/338124\/revisions\/338125"}],"wp:featuredmedia":[{"embeddable":true,"href":"https:\/\/www.notibras.com\/site\/wp-json\/wp\/v2\/media\/328959"}],"wp:attachment":[{"href":"https:\/\/www.notibras.com\/site\/wp-json\/wp\/v2\/media?parent=338124"}],"wp:term":[{"taxonomy":"category","embeddable":true,"href":"https:\/\/www.notibras.com\/site\/wp-json\/wp\/v2\/categories?post=338124"},{"taxonomy":"post_tag","embeddable":true,"href":"https:\/\/www.notibras.com\/site\/wp-json\/wp\/v2\/tags?post=338124"}],"curies":[{"name":"wp","href":"https:\/\/api.w.org\/{rel}","templated":true}]}}